[{"@context":"https:\/\/schema.org\/","@type":"Blog","@id":"https:\/\/www.agar.cz#Blog","headline":"Agar","description":"\nNikdo na sv\u011bt\u011b sice nen\u00ed v\u0161emocn\u00fd, a tud\u00ed\u017e ani n\u00e1\u0161 web nedok\u00e1\u017ee d\u011blat z\u00e1zraky, ale p\u0159esto jsme na n\u011bm v\u017edy p\u0159ipraveni p\u0159isp\u011bchat v\u00e1m na pomoc.","url":"https:\/\/www.agar.cz","hasPart":[{"@type":"Article","@id":"https:\/\/www.agar.cz\/hlad-je-spatny-kuchar\/","headline":"Hlad je \u0161patn\u00fd kucha\u0159","url":"https:\/\/www.agar.cz\/hlad-je-spatny-kuchar\/","datePublished":"2025-07-24","dateModified":"2025-07-24","mainEntityOfPage":"https:\/\/www.agar.cz\/hlad-je-spatny-kuchar\/","author":{"@type":"Person","@id":"https:\/\/www.agar.cz\/author\/#Person","name":"","url":"https:\/\/www.agar.cz\/author\/","identifier":1,"image":{"@type":"ImageObject","@id":"https:\/\/secure.gravatar.com\/avatar\/fa654ddfaa4b9f86b3cbb991001ccf40?s=96&d=mm&r=g","url":"https:\/\/secure.gravatar.com\/avatar\/fa654ddfaa4b9f86b3cbb991001ccf40?s=96&d=mm&r=g","height":96,"width":96}},"publisher":{"@type":"Organization","name":"agar.cz","logo":{"@type":"ImageObject","@id":"\/logo.png","url":"\/logo.png","width":600,"height":60}},"image":null,"wordCount":218,"keywords":null},{"@type":"Article","@id":"https:\/\/www.agar.cz\/nejen-funkcni-ale-i-elegantni\/","headline":"Nejen funk\u010dn\u00ed, ale i elegantn\u00ed","url":"https:\/\/www.agar.cz\/nejen-funkcni-ale-i-elegantni\/","datePublished":"2025-07-16","dateModified":"2025-07-16","mainEntityOfPage":"https:\/\/www.agar.cz\/nejen-funkcni-ale-i-elegantni\/","author":{"@type":"Person","@id":"https:\/\/www.agar.cz\/author\/#Person","name":"","url":"https:\/\/www.agar.cz\/author\/","identifier":1,"image":{"@type":"ImageObject","@id":"https:\/\/secure.gravatar.com\/avatar\/fa654ddfaa4b9f86b3cbb991001ccf40?s=96&d=mm&r=g","url":"https:\/\/secure.gravatar.com\/avatar\/fa654ddfaa4b9f86b3cbb991001ccf40?s=96&d=mm&r=g","height":96,"width":96}},"publisher":{"@type":"Organization","name":"agar.cz","logo":{"@type":"ImageObject","@id":"\/logo.png","url":"\/logo.png","width":600,"height":60}},"image":null,"wordCount":226,"keywords":null},{"@type":"Article","@id":"https:\/\/www.agar.cz\/take-na-plazi-v-doksech-je-nadherne\/","headline":"Tak\u00e9 na pl\u00e1\u017ei v Doksech je n\u00e1dhern\u011b","url":"https:\/\/www.agar.cz\/take-na-plazi-v-doksech-je-nadherne\/","datePublished":"2025-07-09","dateModified":"2025-07-09","mainEntityOfPage":"https:\/\/www.agar.cz\/take-na-plazi-v-doksech-je-nadherne\/","author":{"@type":"Person","@id":"https:\/\/www.agar.cz\/author\/#Person","name":"","url":"https:\/\/www.agar.cz\/author\/","identifier":1,"image":{"@type":"ImageObject","@id":"https:\/\/secure.gravatar.com\/avatar\/fa654ddfaa4b9f86b3cbb991001ccf40?s=96&d=mm&r=g","url":"https:\/\/secure.gravatar.com\/avatar\/fa654ddfaa4b9f86b3cbb991001ccf40?s=96&d=mm&r=g","height":96,"width":96}},"publisher":{"@type":"Organization","name":"agar.cz","logo":{"@type":"ImageObject","@id":"\/logo.png","url":"\/logo.png","width":600,"height":60}},"image":null,"wordCount":211,"keywords":null},{"@type":"Article","@id":"https:\/\/www.agar.cz\/kazdy-tyden-nova-akce\/","headline":"Ka\u017ed\u00fd t\u00fdden nov\u00e1 akce","url":"https:\/\/www.agar.cz\/kazdy-tyden-nova-akce\/","datePublished":"2025-07-02","dateModified":"2025-07-02","mainEntityOfPage":"https:\/\/www.agar.cz\/kazdy-tyden-nova-akce\/","author":{"@type":"Person","@id":"https:\/\/www.agar.cz\/author\/#Person","name":"","url":"https:\/\/www.agar.cz\/author\/","identifier":1,"image":{"@type":"ImageObject","@id":"https:\/\/secure.gravatar.com\/avatar\/fa654ddfaa4b9f86b3cbb991001ccf40?s=96&d=mm&r=g","url":"https:\/\/secure.gravatar.com\/avatar\/fa654ddfaa4b9f86b3cbb991001ccf40?s=96&d=mm&r=g","height":96,"width":96}},"publisher":{"@type":"Organization","name":"agar.cz","logo":{"@type":"ImageObject","@id":"\/logo.png","url":"\/logo.png","width":600,"height":60}},"image":null,"wordCount":214,"keywords":null},{"@type":"Article","@id":"https:\/\/www.agar.cz\/virtualni-kurz-z-pohodli-vaseho-domova\/","headline":"Virtu\u00e1ln\u00ed kurz z pohodl\u00ed Va\u0161eho domova","url":"https:\/\/www.agar.cz\/virtualni-kurz-z-pohodli-vaseho-domova\/","datePublished":"2025-06-25","dateModified":"2025-06-25","mainEntityOfPage":"https:\/\/www.agar.cz\/virtualni-kurz-z-pohodli-vaseho-domova\/","author":{"@type":"Person","@id":"https:\/\/www.agar.cz\/author\/#Person","name":"","url":"https:\/\/www.agar.cz\/author\/","identifier":1,"image":{"@type":"ImageObject","@id":"https:\/\/secure.gravatar.com\/avatar\/fa654ddfaa4b9f86b3cbb991001ccf40?s=96&d=mm&r=g","url":"https:\/\/secure.gravatar.com\/avatar\/fa654ddfaa4b9f86b3cbb991001ccf40?s=96&d=mm&r=g","height":96,"width":96}},"publisher":{"@type":"Organization","name":"agar.cz","logo":{"@type":"ImageObject","@id":"\/logo.png","url":"\/logo.png","width":600,"height":60}},"image":null,"wordCount":259,"keywords":null},{"@type":"Article","@id":"https:\/\/www.agar.cz\/konec-zakladni-a-stredni-skoly-v-novem\/","headline":"Konec z\u00e1kladn\u00ed a st\u0159edn\u00ed \u0161koly v nov\u00e9m!","url":"https:\/\/www.agar.cz\/konec-zakladni-a-stredni-skoly-v-novem\/","datePublished":"2025-06-19","dateModified":"2025-06-19","mainEntityOfPage":"https:\/\/www.agar.cz\/konec-zakladni-a-stredni-skoly-v-novem\/","author":{"@type":"Person","@id":"https:\/\/www.agar.cz\/author\/#Person","name":"","url":"https:\/\/www.agar.cz\/author\/","identifier":1,"image":{"@type":"ImageObject","@id":"https:\/\/secure.gravatar.com\/avatar\/fa654ddfaa4b9f86b3cbb991001ccf40?s=96&d=mm&r=g","url":"https:\/\/secure.gravatar.com\/avatar\/fa654ddfaa4b9f86b3cbb991001ccf40?s=96&d=mm&r=g","height":96,"width":96}},"publisher":{"@type":"Organization","name":"agar.cz","logo":{"@type":"ImageObject","@id":"\/logo.png","url":"\/logo.png","width":600,"height":60}},"image":null,"wordCount":205,"keywords":null},{"@type":"Article","@id":"https:\/\/www.agar.cz\/radost-svitit\/","headline":"Radost sv\u00edtit","url":"https:\/\/www.agar.cz\/radost-svitit\/","datePublished":"2025-06-13","dateModified":"2025-06-13","mainEntityOfPage":"https:\/\/www.agar.cz\/radost-svitit\/","author":{"@type":"Person","@id":"https:\/\/www.agar.cz\/author\/#Person","name":"","url":"https:\/\/www.agar.cz\/author\/","identifier":1,"image":{"@type":"ImageObject","@id":"https:\/\/secure.gravatar.com\/avatar\/fa654ddfaa4b9f86b3cbb991001ccf40?s=96&d=mm&r=g","url":"https:\/\/secure.gravatar.com\/avatar\/fa654ddfaa4b9f86b3cbb991001ccf40?s=96&d=mm&r=g","height":96,"width":96}},"publisher":{"@type":"Organization","name":"agar.cz","logo":{"@type":"ImageObject","@id":"\/logo.png","url":"\/logo.png","width":600,"height":60}},"image":null,"wordCount":240,"keywords":null},{"@type":"Article","@id":"https:\/\/www.agar.cz\/levne-ubytovani-pro-rodiny-s-detmi\/","headline":"Levn\u00e9 ubytov\u00e1n\u00ed pro rodiny s d\u011btmi","url":"https:\/\/www.agar.cz\/levne-ubytovani-pro-rodiny-s-detmi\/","datePublished":"2025-06-08","dateModified":"2025-06-08","mainEntityOfPage":"https:\/\/www.agar.cz\/levne-ubytovani-pro-rodiny-s-detmi\/","author":{"@type":"Person","@id":"https:\/\/www.agar.cz\/author\/#Person","name":"","url":"https:\/\/www.agar.cz\/author\/","identifier":1,"image":{"@type":"ImageObject","@id":"https:\/\/secure.gravatar.com\/avatar\/fa654ddfaa4b9f86b3cbb991001ccf40?s=96&d=mm&r=g","url":"https:\/\/secure.gravatar.com\/avatar\/fa654ddfaa4b9f86b3cbb991001ccf40?s=96&d=mm&r=g","height":96,"width":96}},"publisher":{"@type":"Organization","name":"agar.cz","logo":{"@type":"ImageObject","@id":"\/logo.png","url":"\/logo.png","width":600,"height":60}},"image":null,"wordCount":199,"keywords":null},{"@type":"Article","@id":"https:\/\/www.agar.cz\/od-predkrmu-az-po-dezerty\/","headline":"Od p\u0159edkrm\u016f a\u017e po dezerty","url":"https:\/\/www.agar.cz\/od-predkrmu-az-po-dezerty\/","datePublished":"2025-06-07","dateModified":"2025-06-07","mainEntityOfPage":"https:\/\/www.agar.cz\/od-predkrmu-az-po-dezerty\/","author":{"@type":"Person","@id":"https:\/\/www.agar.cz\/author\/#Person","name":"","url":"https:\/\/www.agar.cz\/author\/","identifier":1,"image":{"@type":"ImageObject","@id":"https:\/\/secure.gravatar.com\/avatar\/fa654ddfaa4b9f86b3cbb991001ccf40?s=96&d=mm&r=g","url":"https:\/\/secure.gravatar.com\/avatar\/fa654ddfaa4b9f86b3cbb991001ccf40?s=96&d=mm&r=g","height":96,"width":96}},"publisher":{"@type":"Organization","name":"agar.cz","logo":{"@type":"ImageObject","@id":"\/logo.png","url":"\/logo.png","width":600,"height":60}},"image":null,"wordCount":218,"keywords":null},{"@type":"Article","@id":"https:\/\/www.agar.cz\/obyvaci-pokoj-musi-byt-v-luxusu\/","headline":"Ob\u00fdvac\u00ed pokoj mus\u00ed b\u00fdt v luxusu","url":"https:\/\/www.agar.cz\/obyvaci-pokoj-musi-byt-v-luxusu\/","datePublished":"2025-05-26","dateModified":"2025-05-26","mainEntityOfPage":"https:\/\/www.agar.cz\/obyvaci-pokoj-musi-byt-v-luxusu\/","author":{"@type":"Person","@id":"https:\/\/www.agar.cz\/author\/#Person","name":"","url":"https:\/\/www.agar.cz\/author\/","identifier":1,"image":{"@type":"ImageObject","@id":"https:\/\/secure.gravatar.com\/avatar\/fa654ddfaa4b9f86b3cbb991001ccf40?s=96&d=mm&r=g","url":"https:\/\/secure.gravatar.com\/avatar\/fa654ddfaa4b9f86b3cbb991001ccf40?s=96&d=mm&r=g","height":96,"width":96}},"publisher":{"@type":"Organization","name":"agar.cz","logo":{"@type":"ImageObject","@id":"\/logo.png","url":"\/logo.png","width":600,"height":60}},"image":null,"wordCount":215,"keywords":null}]},{"@context":"https:\/\/schema.org","@type":"WebSite","@id":"https:\/\/www.agar.cz\/#website","name":"Agar","url":"https:\/\/www.agar.cz","potentialAction":{"@type":"SearchAction","target":"https:\/\/www.agar.cz\/?s={search_term_string}","query-input":"required name=search_term_string"}}]