[{"@context":"https:\/\/schema.org\/","@type":"Blog","@id":"https:\/\/www.agar.cz#Blog","headline":"Agar","description":"\nNikdo na sv\u011bt\u011b sice nen\u00ed v\u0161emocn\u00fd, a tud\u00ed\u017e ani n\u00e1\u0161 web nedok\u00e1\u017ee d\u011blat z\u00e1zraky, ale p\u0159esto jsme na n\u011bm v\u017edy p\u0159ipraveni p\u0159isp\u011bchat v\u00e1m na pomoc.","url":"https:\/\/www.agar.cz","hasPart":[{"@type":"Article","@id":"https:\/\/www.agar.cz\/pareniste-nebo-maly-sklenik\/","headline":"Pa\u0159eni\u0161t\u011b nebo mal\u00fd sklen\u00edk?","url":"https:\/\/www.agar.cz\/pareniste-nebo-maly-sklenik\/","datePublished":"2026-04-05","dateModified":"2026-04-05","mainEntityOfPage":"https:\/\/www.agar.cz\/pareniste-nebo-maly-sklenik\/","author":{"@type":"Person","@id":"https:\/\/www.agar.cz\/author\/#Person","name":"","url":"https:\/\/www.agar.cz\/author\/","identifier":1,"image":{"@type":"ImageObject","@id":"https:\/\/secure.gravatar.com\/avatar\/fa654ddfaa4b9f86b3cbb991001ccf40?s=96&d=mm&r=g","url":"https:\/\/secure.gravatar.com\/avatar\/fa654ddfaa4b9f86b3cbb991001ccf40?s=96&d=mm&r=g","height":96,"width":96}},"publisher":{"@type":"Organization","name":"agar.cz","logo":{"@type":"ImageObject","@id":"\/logo.png","url":"\/logo.png","width":600,"height":60}},"image":{"@type":"ImageObject","@id":"https:\/\/www.agar.cz\/wp-content\/uploads\/titosoft-mini-greenhouse-1890254_640_4.jpg","url":"https:\/\/www.agar.cz\/wp-content\/uploads\/titosoft-mini-greenhouse-1890254_640_4.jpg","height":0,"width":0},"wordCount":542,"keywords":null},{"@type":"Article","@id":"https:\/\/www.agar.cz\/prakticka-bila-barva\/","headline":"Praktick\u00e1 b\u00edl\u00e1 barva","url":"https:\/\/www.agar.cz\/prakticka-bila-barva\/","datePublished":"2026-02-16","dateModified":"2026-02-16","mainEntityOfPage":"https:\/\/www.agar.cz\/prakticka-bila-barva\/","author":{"@type":"Person","@id":"https:\/\/www.agar.cz\/author\/#Person","name":"","url":"https:\/\/www.agar.cz\/author\/","identifier":1,"image":{"@type":"ImageObject","@id":"https:\/\/secure.gravatar.com\/avatar\/fa654ddfaa4b9f86b3cbb991001ccf40?s=96&d=mm&r=g","url":"https:\/\/secure.gravatar.com\/avatar\/fa654ddfaa4b9f86b3cbb991001ccf40?s=96&d=mm&r=g","height":96,"width":96}},"publisher":{"@type":"Organization","name":"agar.cz","logo":{"@type":"ImageObject","@id":"\/logo.png","url":"\/logo.png","width":600,"height":60}},"image":{"@type":"ImageObject","@id":"https:\/\/www.agar.cz\/wp-content\/uploads\/23555986-real-estate-9563939_640.jpg","url":"https:\/\/www.agar.cz\/wp-content\/uploads\/23555986-real-estate-9563939_640.jpg","height":0,"width":0},"wordCount":592,"keywords":null},{"@type":"Article","@id":"https:\/\/www.agar.cz\/zimni-look-v-mestskem-stylu-medicine-o-tom-jak-se-oblekat-modne-a-pohodlne\/","headline":"Zimn\u00ed look v m\u011bstsk\u00e9m stylu: MEDICINE o tom, jak se obl\u00e9kat m\u00f3dn\u011b a pohodln\u011b?","url":"https:\/\/www.agar.cz\/zimni-look-v-mestskem-stylu-medicine-o-tom-jak-se-oblekat-modne-a-pohodlne\/","datePublished":"2026-02-11","dateModified":"2026-02-11","mainEntityOfPage":"https:\/\/www.agar.cz\/zimni-look-v-mestskem-stylu-medicine-o-tom-jak-se-oblekat-modne-a-pohodlne\/","author":{"@type":"Person","@id":"https:\/\/www.agar.cz\/author\/#Person","name":"","url":"https:\/\/www.agar.cz\/author\/","identifier":1,"image":{"@type":"ImageObject","@id":"https:\/\/secure.gravatar.com\/avatar\/fa654ddfaa4b9f86b3cbb991001ccf40?s=96&d=mm&r=g","url":"https:\/\/secure.gravatar.com\/avatar\/fa654ddfaa4b9f86b3cbb991001ccf40?s=96&d=mm&r=g","height":96,"width":96}},"publisher":{"@type":"Organization","name":"agar.cz","logo":{"@type":"ImageObject","@id":"\/logo.png","url":"\/logo.png","width":600,"height":60}},"image":{"@type":"ImageObject","@id":"https:\/\/www.agar.cz\/wp-content\/uploads\/kratka_bunda_1CRjM7.png","url":"https:\/\/www.agar.cz\/wp-content\/uploads\/kratka_bunda_1CRjM7.png","height":0,"width":0},"wordCount":1007,"keywords":null},{"@type":"Article","@id":"https:\/\/www.agar.cz\/pujcky-to-pomahaji-zvladat\/","headline":"P\u016fj\u010dky to pom\u00e1haj\u00ed zvl\u00e1dat","url":"https:\/\/www.agar.cz\/pujcky-to-pomahaji-zvladat\/","datePublished":"2025-12-17","dateModified":"2025-12-17","mainEntityOfPage":"https:\/\/www.agar.cz\/pujcky-to-pomahaji-zvladat\/","author":{"@type":"Person","@id":"https:\/\/www.agar.cz\/author\/#Person","name":"","url":"https:\/\/www.agar.cz\/author\/","identifier":1,"image":{"@type":"ImageObject","@id":"https:\/\/secure.gravatar.com\/avatar\/fa654ddfaa4b9f86b3cbb991001ccf40?s=96&d=mm&r=g","url":"https:\/\/secure.gravatar.com\/avatar\/fa654ddfaa4b9f86b3cbb991001ccf40?s=96&d=mm&r=g","height":96,"width":96}},"publisher":{"@type":"Organization","name":"agar.cz","logo":{"@type":"ImageObject","@id":"\/logo.png","url":"\/logo.png","width":600,"height":60}},"image":{"@type":"ImageObject","@id":"https:\/\/www.agar.cz\/wp-content\/uploads\/ppppppppppppppppp_10_10_10_10_10_2.jpg","url":"https:\/\/www.agar.cz\/wp-content\/uploads\/ppppppppppppppppp_10_10_10_10_10_2.jpg","height":0,"width":0},"wordCount":668,"keywords":null},{"@type":"Article","@id":"https:\/\/www.agar.cz\/deti-dokazi-byt-zle\/","headline":"D\u011bti dok\u00e1\u017e\u00ed b\u00fdt zl\u00e9","url":"https:\/\/www.agar.cz\/deti-dokazi-byt-zle\/","datePublished":"2025-08-30","dateModified":"2025-08-30","mainEntityOfPage":"https:\/\/www.agar.cz\/deti-dokazi-byt-zle\/","author":{"@type":"Person","@id":"https:\/\/www.agar.cz\/author\/#Person","name":"","url":"https:\/\/www.agar.cz\/author\/","identifier":1,"image":{"@type":"ImageObject","@id":"https:\/\/secure.gravatar.com\/avatar\/fa654ddfaa4b9f86b3cbb991001ccf40?s=96&d=mm&r=g","url":"https:\/\/secure.gravatar.com\/avatar\/fa654ddfaa4b9f86b3cbb991001ccf40?s=96&d=mm&r=g","height":96,"width":96}},"publisher":{"@type":"Organization","name":"agar.cz","logo":{"@type":"ImageObject","@id":"\/logo.png","url":"\/logo.png","width":600,"height":60}},"image":null,"wordCount":214,"keywords":null},{"@type":"Article","@id":"https:\/\/www.agar.cz\/spojte-svuj-zivot-s-nekym-koho-milujete\/","headline":"Spojte sv\u016fj \u017eivot s n\u011bk\u00fdm, koho milujete","url":"https:\/\/www.agar.cz\/spojte-svuj-zivot-s-nekym-koho-milujete\/","datePublished":"2025-08-20","dateModified":"2025-08-20","mainEntityOfPage":"https:\/\/www.agar.cz\/spojte-svuj-zivot-s-nekym-koho-milujete\/","author":{"@type":"Person","@id":"https:\/\/www.agar.cz\/author\/#Person","name":"","url":"https:\/\/www.agar.cz\/author\/","identifier":1,"image":{"@type":"ImageObject","@id":"https:\/\/secure.gravatar.com\/avatar\/fa654ddfaa4b9f86b3cbb991001ccf40?s=96&d=mm&r=g","url":"https:\/\/secure.gravatar.com\/avatar\/fa654ddfaa4b9f86b3cbb991001ccf40?s=96&d=mm&r=g","height":96,"width":96}},"publisher":{"@type":"Organization","name":"agar.cz","logo":{"@type":"ImageObject","@id":"\/logo.png","url":"\/logo.png","width":600,"height":60}},"image":null,"wordCount":222,"keywords":null},{"@type":"Article","@id":"https:\/\/www.agar.cz\/nechte-si-u-nas-vyrobit-nabytek\/","headline":"Nechte si u n\u00e1s vyrobit n\u00e1bytek","url":"https:\/\/www.agar.cz\/nechte-si-u-nas-vyrobit-nabytek\/","datePublished":"2025-08-14","dateModified":"2025-08-14","mainEntityOfPage":"https:\/\/www.agar.cz\/nechte-si-u-nas-vyrobit-nabytek\/","author":{"@type":"Person","@id":"https:\/\/www.agar.cz\/author\/#Person","name":"","url":"https:\/\/www.agar.cz\/author\/","identifier":1,"image":{"@type":"ImageObject","@id":"https:\/\/secure.gravatar.com\/avatar\/fa654ddfaa4b9f86b3cbb991001ccf40?s=96&d=mm&r=g","url":"https:\/\/secure.gravatar.com\/avatar\/fa654ddfaa4b9f86b3cbb991001ccf40?s=96&d=mm&r=g","height":96,"width":96}},"publisher":{"@type":"Organization","name":"agar.cz","logo":{"@type":"ImageObject","@id":"\/logo.png","url":"\/logo.png","width":600,"height":60}},"image":null,"wordCount":213,"keywords":null},{"@type":"Article","@id":"https:\/\/www.agar.cz\/trapi-vas-take-spatna-predstavivost\/","headline":"Tr\u00e1p\u00ed v\u00e1s tak\u00e9 \u0161patn\u00e1 p\u0159edstavivost?","url":"https:\/\/www.agar.cz\/trapi-vas-take-spatna-predstavivost\/","datePublished":"2025-08-10","dateModified":"2025-08-10","mainEntityOfPage":"https:\/\/www.agar.cz\/trapi-vas-take-spatna-predstavivost\/","author":{"@type":"Person","@id":"https:\/\/www.agar.cz\/author\/#Person","name":"","url":"https:\/\/www.agar.cz\/author\/","identifier":1,"image":{"@type":"ImageObject","@id":"https:\/\/secure.gravatar.com\/avatar\/fa654ddfaa4b9f86b3cbb991001ccf40?s=96&d=mm&r=g","url":"https:\/\/secure.gravatar.com\/avatar\/fa654ddfaa4b9f86b3cbb991001ccf40?s=96&d=mm&r=g","height":96,"width":96}},"publisher":{"@type":"Organization","name":"agar.cz","logo":{"@type":"ImageObject","@id":"\/logo.png","url":"\/logo.png","width":600,"height":60}},"image":null,"wordCount":224,"keywords":null},{"@type":"Article","@id":"https:\/\/www.agar.cz\/teste-se-na-uzasny-priliv-emoci\/","headline":"T\u011b\u0161te se na \u00fa\u017easn\u00fd p\u0159\u00edliv emoc\u00ed","url":"https:\/\/www.agar.cz\/teste-se-na-uzasny-priliv-emoci\/","datePublished":"2025-08-06","dateModified":"2025-08-06","mainEntityOfPage":"https:\/\/www.agar.cz\/teste-se-na-uzasny-priliv-emoci\/","author":{"@type":"Person","@id":"https:\/\/www.agar.cz\/author\/#Person","name":"","url":"https:\/\/www.agar.cz\/author\/","identifier":1,"image":{"@type":"ImageObject","@id":"https:\/\/secure.gravatar.com\/avatar\/fa654ddfaa4b9f86b3cbb991001ccf40?s=96&d=mm&r=g","url":"https:\/\/secure.gravatar.com\/avatar\/fa654ddfaa4b9f86b3cbb991001ccf40?s=96&d=mm&r=g","height":96,"width":96}},"publisher":{"@type":"Organization","name":"agar.cz","logo":{"@type":"ImageObject","@id":"\/logo.png","url":"\/logo.png","width":600,"height":60}},"image":null,"wordCount":209,"keywords":null},{"@type":"Article","@id":"https:\/\/www.agar.cz\/odpocivat-se-musi-umet\/","headline":"Odpo\u010d\u00edvat se mus\u00ed um\u011bt","url":"https:\/\/www.agar.cz\/odpocivat-se-musi-umet\/","datePublished":"2025-07-27","dateModified":"2025-07-27","mainEntityOfPage":"https:\/\/www.agar.cz\/odpocivat-se-musi-umet\/","author":{"@type":"Person","@id":"https:\/\/www.agar.cz\/author\/#Person","name":"","url":"https:\/\/www.agar.cz\/author\/","identifier":1,"image":{"@type":"ImageObject","@id":"https:\/\/secure.gravatar.com\/avatar\/fa654ddfaa4b9f86b3cbb991001ccf40?s=96&d=mm&r=g","url":"https:\/\/secure.gravatar.com\/avatar\/fa654ddfaa4b9f86b3cbb991001ccf40?s=96&d=mm&r=g","height":96,"width":96}},"publisher":{"@type":"Organization","name":"agar.cz","logo":{"@type":"ImageObject","@id":"\/logo.png","url":"\/logo.png","width":600,"height":60}},"image":null,"wordCount":243,"keywords":null}]},{"@context":"https:\/\/schema.org","@type":"WebSite","@id":"https:\/\/www.agar.cz\/#website","name":"Agar","url":"https:\/\/www.agar.cz","potentialAction":{"@type":"SearchAction","target":"https:\/\/www.agar.cz\/?s={search_term_string}","query-input":"required name=search_term_string"}}]