[{"@context":"https:\/\/schema.org\/","@type":"Article","@id":"https:\/\/www.agar.cz\/zeny-a-pocity\/#Article","mainEntityOfPage":"https:\/\/www.agar.cz\/zeny-a-pocity\/","headline":"\u017deny a pocity","name":"\u017deny a pocity","description":"\u017deny a jejich pocity\u2026 to je t\u00e9ma, kter\u00e9 si mysl\u00edm, \u017ee by m\u011blo b\u00fdt v\u00edc otev\u0159en\u00e9 a v\u00edce lid\u00ed by<a href=\"https:\/\/www.agar.cz\/zeny-a-pocity\/\" class=\"read-more\">Read More<i class=\"fa fa-long-arrow-right\" aria-hidden=\"true\"><\/i><\/a>","datePublished":"2024-04-29","dateModified":"2024-04-29","author":{"@type":"Person","@id":"https:\/\/www.agar.cz\/author\/#Person","name":"","url":"https:\/\/www.agar.cz\/author\/","identifier":1,"image":{"@type":"ImageObject","@id":"https:\/\/secure.gravatar.com\/avatar\/fa654ddfaa4b9f86b3cbb991001ccf40?s=96&d=mm&r=g","url":"https:\/\/secure.gravatar.com\/avatar\/fa654ddfaa4b9f86b3cbb991001ccf40?s=96&d=mm&r=g","height":96,"width":96}},"publisher":{"@type":"Organization","name":"agar.cz","logo":{"@type":"ImageObject","@id":"\/logo.png","url":"\/logo.png","width":600,"height":60}},"image":{"@type":"ImageObject","@id":"https:\/\/www.agar.cz\/wp-content\/uploads\/sm%C3%ADch_10_1.jpg","url":"https:\/\/www.agar.cz\/wp-content\/uploads\/sm%C3%ADch_10_1.jpg","height":0,"width":0},"url":"https:\/\/www.agar.cz\/zeny-a-pocity\/","about":["\u017dena"],"wordCount":463,"articleBody":"\u017deny a jejich pocity\u2026 to je t\u00e9ma, kter\u00e9 si mysl\u00edm, \u017ee by m\u011blo b\u00fdt v\u00edc otev\u0159en\u00e9 a v\u00edce lid\u00ed by se ho m\u011blo sna\u017eit pochopit. N\u011bkdo \u0159ekne, \u017ee \u017eeny jsou n\u011b\u017en\u00e9 pohlav\u00ed, a j\u00e1 s\u00a0t\u00edm docela souhlas\u00edm. Ov\u0161em ne ka\u017ed\u00fd t\u00edm mysl\u00ed, to co si n\u011bkdo m\u016f\u017ee vylo\u017eit jinak. Ka\u017ed\u00fd z\u00a0n\u00e1s toti\u017e pro\u017e\u00edv\u00e1me a vn\u00edm\u00e1me sv\u011bt jinak. N\u011bkdo je v\u00edce empatick\u00fd, n\u011bkdo zase m\u00e9n\u011b. Emoce a reakce na jak\u00e9koliv situace jsou prost\u011b odli\u0161n\u00e9, a to je podle m\u011b v\u00a0po\u0159\u00e1dku. Ur\u010dit\u011b by nebylo dob\u0159e, kdybychom v\u0161ichni byli stejn\u00ed. Je d\u016fle\u017eit\u00e9, aby ka\u017ed\u00e1 \u017eena m\u011bla sv\u016fj prostor pro sv\u00e9 pocity, a to a\u0165 u\u017e jsou jak\u00e9koliv \u2013 radostn\u00e9, nebo smutn\u00e9, frustrovan\u00e9, stresuj\u00edc\u00ed, \u010di pln\u00e9 l\u00e1sky. Nav\u00edc, ka\u017ed\u00fd na to m\u00e1 p\u0159eci pr\u00e1vo na n\u011bjak\u00e9 emoce. To m\u011b te\u010f napad\u00e1, \u017ee n\u011bkte\u0159\u00ed rodi\u010de se roz\u010diluj\u00ed a trestaj\u00ed sv\u00e9 d\u011bti, za to, \u017ee jsou vztekl\u00e9, ale \u0159ekn\u011bte mi, copak my dosp\u011bl\u00ed se nikdy nevztek\u00e1me? A um\u00edme se snad hned uklidnit? My dosp\u011bl\u00ed, kte\u0159\u00ed bychom u\u017e sv\u00e9 emoce m\u011bli ch\u00e1pat a m\u011bli bychom je ovl\u00e1dat? Na\u0161e pocity, jsou prost\u011b na\u0161e a m\u00e1lokdo je pochop\u00ed. Ide\u00e1ln\u00ed je, m\u00edt kolem sebe lidi, kte\u0159\u00ed se o n\u00e1s budou zaj\u00edmat a budou na\u0161e pocity respektovat. \u017deny maj\u00ed nav\u00edc schopnost, \u017ee jsou v\u00edce vn\u00edmav\u00e9 a v\u00edce citliv\u00e9. Ot\u00e1zka je, pro\u010d n\u011bkte\u0159\u00ed lid\u00e9, v\u011bt\u0161inou tedy mu\u017ei \u0159\u00edkaj\u00ed \u2013 p\u0159ecitliv\u011bl\u00e1 \u017eena, bre\u010d\u00ed\u0161 jako holka\u2026 to jsou velmi nep\u011bkn\u00e9 sexistick\u00e9 nar\u00e1\u017eky, se kter\u00fdmi j\u00e1 osobn\u011b nesouhlas\u00edm. Podle m\u011b, kdy\u017e je n\u011bkdy citliv\u00fd, t\u0159eba v\u00edce pl\u00e1\u010de, nebo se i v\u00edce vztek\u00e1, je v\u00a0po\u0159\u00e1dku. D\u016fle\u017eit\u00e9 je si tyto emoce uv\u011bdomovat a pop\u0159. s\u00a0nimi i pracovat, ov\u0161em nen\u00ed to v\u017edy jednoduch\u00e9, jak pro toho dan\u00e9ho \u010dlov\u011bka, tak t\u0159eba pro jeho okol\u00ed. Pokud m\u00e1me n\u011bjak\u00e9 pocity, ur\u010dit\u011b je chceme s\u00a0n\u011bk\u00fdm sd\u00edlet, a proto je d\u016fle\u017eit\u00e9, m\u00edt n\u011bkoho z\u00a0rodiny, nebo n\u011bjak\u00e9ho p\u0159\u00edtele, kter\u00fd v\u00e1s vyslechne a bude tu prost\u011b pro v\u00e1s, za jak\u00fdchkoliv okolnost\u00ed a za jak\u00fdchkoliv podm\u00ednek. Pokud tedy n\u011bkoho takov\u00e9ho m\u00e1te, a\u0165 u\u017e z\u00a0rodiny, nebo z\u00a0p\u0159\u00e1tel, nebo kolikr\u00e1t to m\u016f\u017ee b\u00fdt ciz\u00ed \u010dlov\u011bk. Va\u017ete si ho.                                                                                                                                                                                                                                                                                                                                                                                                "},{"@context":"https:\/\/schema.org\/","@type":"BreadcrumbList","itemListElement":[{"@type":"ListItem","position":1,"name":"\u017deny a pocity","item":"https:\/\/www.agar.cz\/zeny-a-pocity\/#breadcrumbitem"}]}]