[{"@context":"https:\/\/schema.org\/","@type":"Article","@id":"https:\/\/www.agar.cz\/vhodna-jako-darek-pro-pritelkyni\/#Article","mainEntityOfPage":"https:\/\/www.agar.cz\/vhodna-jako-darek-pro-pritelkyni\/","headline":"Vhodn\u00e1 jako d\u00e1rek pro p\u0159\u00edtelkyni","name":"Vhodn\u00e1 jako d\u00e1rek pro p\u0159\u00edtelkyni","description":"U\u017e jste p\u0159em\u00fd\u0161leli, co m\u016f\u017ee va\u0161\u00ed pleti nab\u00eddnout skute\u010dn\u00e1 a nefal\u0161ovan\u00e1 profesion\u00e1ln\u00ed kosmetika? U\u017e jste p\u0159em\u00fd\u0161leli, jak m\u016f\u017eete vyu\u017e\u00edt nab\u00eddky<a href=\"https:\/\/www.agar.cz\/vhodna-jako-darek-pro-pritelkyni\/\" class=\"read-more\">Read More<i class=\"fa fa-long-arrow-right\" aria-hidden=\"true\"><\/i><\/a>","datePublished":"2023-06-20","dateModified":"2024-06-22","author":{"@type":"Person","@id":"https:\/\/www.agar.cz\/author\/#Person","name":"","url":"https:\/\/www.agar.cz\/author\/","identifier":1,"image":{"@type":"ImageObject","@id":"https:\/\/secure.gravatar.com\/avatar\/fa654ddfaa4b9f86b3cbb991001ccf40?s=96&d=mm&r=g","url":"https:\/\/secure.gravatar.com\/avatar\/fa654ddfaa4b9f86b3cbb991001ccf40?s=96&d=mm&r=g","height":96,"width":96}},"publisher":{"@type":"Organization","name":"agar.cz","logo":{"@type":"ImageObject","@id":"\/logo.png","url":"\/logo.png","width":600,"height":60}},"url":"https:\/\/www.agar.cz\/vhodna-jako-darek-pro-pritelkyni\/","wordCount":231,"articleBody":"U\u017e jste p\u0159em\u00fd\u0161leli, co m\u016f\u017ee va\u0161\u00ed pleti nab\u00eddnout skute\u010dn\u00e1 a nefal\u0161ovan\u00e1 profesion\u00e1ln\u00ed kosmetika? U\u017e jste p\u0159em\u00fd\u0161leli, jak m\u016f\u017eete vyu\u017e\u00edt nab\u00eddky renomovan\u00e9 zna\u010dky kosmetiky Christina, kterou v\u00e1m nyn\u00ed p\u0159edstavujeme? V prvn\u00ed \u0159ad\u011b byste se m\u011bli pod\u00edvat na na\u0161e p\u0159ehledn\u00e9 internetov\u00e9 str\u00e1nky, kter\u00e9 jsou pln\u00e9 novinek, ak\u010dn\u00edch nab\u00eddek, nab\u00eddek semin\u00e1\u0159\u016f a \u0161kolen\u00ed a tak\u00e9 samoz\u0159ejm\u011b odkaz\u016f na b\u00e1je\u010dnou kosmetiku Christina, kterou d\u00edky n\u00e1m m\u016f\u017eete tak\u00e9 pou\u017e\u00edvat! A budete s n\u00ed spokojeni, rozhodn\u011b v\u00e1s mile p\u0159ekvap\u00ed, jak blahod\u00e1rn\u00e9 \u00fa\u010dinky na va\u0161i ple\u0165 budou tyto p\u0159\u00edpravky m\u00edt.Vyberte j\u00ed kosmetiku od prof\u00edka!Za sv\u016fj \u017eivot ka\u017ed\u00e1 \u017eena vyzkou\u0161\u00ed des\u00edtky, stovky a mo\u017en\u00e1 i tis\u00edce kosmetick\u00fdch p\u0159\u00edpravk\u016f r\u016fzn\u00fdch zna\u010dek i cenov\u00fdch hladin. Mnoho z nich nebude m\u00edt v\u016fbec \u017e\u00e1dn\u00e9 \u00fa\u010dinky, z n\u011bkter\u00fdch se dokonce mo\u017en\u00e1 objev\u00ed nep\u0159\u00edjemn\u00e9 sv\u011bd\u011bn\u00ed, vyr\u00e1\u017eky \u010di jin\u00e9 agresivn\u00ed, alergick\u00e9 reakce. Kdy\u017e ale budete pou\u017e\u00edvat profesion\u00e1ln\u00ed kosmetiku, s takovou reakc\u00ed va\u0161\u00ed pleti se rozhodn\u011b nesetk\u00e1te! Tak nev\u00e1hejte u\u017e ani okam\u017eik a vykro\u010dte t\u00edm spr\u00e1vn\u00fdm sm\u011brem, sm\u011brem k n\u00e1m a na\u0161\u00ed kosmetice!                                                                                                                                                                                                                                                                                                                                                                                        3.4\/5 - (7 votes)        "},{"@context":"https:\/\/schema.org\/","@type":"BreadcrumbList","itemListElement":[{"@type":"ListItem","position":1,"name":"Vhodn\u00e1 jako d\u00e1rek pro p\u0159\u00edtelkyni","item":"https:\/\/www.agar.cz\/vhodna-jako-darek-pro-pritelkyni\/#breadcrumbitem"}]}]