[{"@context":"https:\/\/schema.org\/","@type":"Article","@id":"https:\/\/www.agar.cz\/spinavy-koberec\/#Article","mainEntityOfPage":"https:\/\/www.agar.cz\/spinavy-koberec\/","headline":"\u0160pinav\u00fd koberec","name":"\u0160pinav\u00fd koberec","description":"Mysl\u00edte si, \u017ee nejsou pouze jenom jemn\u00e9 a m\u00edrumilovn\u00e9 stvo\u0159en\u00ed? Tak to jste na omylu, abych v\u00e1m t\u0159eba popsala sebe,<a href=\"https:\/\/www.agar.cz\/spinavy-koberec\/\" class=\"read-more\">Read More<i class=\"fa fa-long-arrow-right\" aria-hidden=\"true\"><\/i><\/a>","datePublished":"2024-08-31","dateModified":"2024-08-31","author":{"@type":"Person","@id":"https:\/\/www.agar.cz\/author\/#Person","name":"","url":"https:\/\/www.agar.cz\/author\/","identifier":1,"image":{"@type":"ImageObject","@id":"https:\/\/secure.gravatar.com\/avatar\/fa654ddfaa4b9f86b3cbb991001ccf40?s=96&d=mm&r=g","url":"https:\/\/secure.gravatar.com\/avatar\/fa654ddfaa4b9f86b3cbb991001ccf40?s=96&d=mm&r=g","height":96,"width":96}},"publisher":{"@type":"Organization","name":"agar.cz","logo":{"@type":"ImageObject","@id":"\/logo.png","url":"\/logo.png","width":600,"height":60}},"image":{"@type":"ImageObject","@id":"https:\/\/www.agar.cz\/wp-content\/uploads\/woman-2150881_1280_3.jpg","url":"https:\/\/www.agar.cz\/wp-content\/uploads\/woman-2150881_1280_3.jpg","height":0,"width":0},"url":"https:\/\/www.agar.cz\/spinavy-koberec\/","about":["\u017dena"],"wordCount":412,"articleBody":"Mysl\u00edte si, \u017ee nejsou pouze jenom jemn\u00e9 a m\u00edrumilovn\u00e9 stvo\u0159en\u00ed? Tak to jste na omylu, abych v\u00e1m t\u0159eba popsala sebe, tak vy jste se asi divili. J\u00e1 jsem opravdu velik\u00fd extrovert, ale je\u0161t\u011b v\u011bt\u0161\u00ed cholerik. Vzpom\u00edn\u00e1m si, jak m\u011b minul\u00fd t\u00fdden opravdu na\u0161tval syn a jeho kamar\u00e1di. Nev\u00edm jak vy, ale m\u011b opravdu hodn\u011b vad\u00ed, kdy\u017e mi n\u011bkdo chod\u00ed po bar\u00e1ku v obuvi, nap\u0159\u00edklad kdy\u017e je podzim a je opravdu \u0161kared\u00e9 po\u010das\u00ed, tak nev\u00edm pro\u010d. Ale d\u011btem v\u016fbec nevad\u00ed. Kdy\u017e venku chod\u00ed v bot\u00e1ch a potom nejdou doma po sv\u011btl\u00e9m koberci v obuvi. A nejhor\u0161\u00ed je, kdy\u017e zrovna t\u0159eba ten den ukl\u00edz\u00edm, t\u0159eba kdy\u017e \u010dist\u00edm koberce, um\u00fdv\u00e1m podlahu, zamet\u00e1m a d\u011bl\u00e1m v\u0161echno pro to, abych to doma m\u011bla opravdu kr\u00e1sn\u011b \u010dist\u00e9 a uklizen\u00e9. M\u011b samotnou by nap\u0159\u00edklad absolutn\u011b nikdy nenapadlo, abych \u0161la v obuvi pr\u00e1v\u011b n\u011bkam dom\u016f, t\u0159eba k n\u011bkomu domu. Kdybyste potom vid\u011bli syn\u016fv\u00a0koberec, kter\u00fd jsem mu koupila nov\u00fd asi p\u0159ed p\u016fl rokem, jak vypad\u00e1 te\u010f, tak byste se asi chytali za hlavu. Ten koberec je \u00fapln\u011b t\u00e9m\u011b\u0159 dod\u011blan\u00fd a mysl\u00edm si, \u017ee u\u017e je asi na vyhozen\u00ed. Proto jsem si \u0159ekla, \u017ee je nejlep\u0161\u00ed. Kdy\u017e tak\u00e9 t\u0159eba sv\u00fdm d\u011btem anebo \u010dlen\u016fm rodiny vysv\u011btl\u00edte, \u017ee nechcete, aby u v\u00e1s n\u011bkdo doma chodil v obuvi. Na\u0161t\u011bst\u00ed ale m\u00e1m kamar\u00e1dku, kter\u00e1 m\u00e1 pr\u00e1v\u011b ukl\u00edzec\u00ed firmu ona \u010dist\u00ed automobily a tak\u00e9 ko\u017ee\u0161iny a koberce a seda\u010dky. Tak\u017ee jsem si kamar\u00e1dku pr\u00e1v\u011b pozvala ke mn\u011b dom\u016f, aby mi vy\u010distila \u00fapln\u011b v\u0161echny koberce a tak\u00e9 sedac\u00ed soupravu partnerovi zase vy\u010distila opravdu kompletn\u011b auto. My \u017eeny jsme jednodu\u0161e \u0161ikovn\u00e9. Mysl\u00edm si, \u017ee my \u017eeny si t\u00e9m\u011b\u0159 se v\u0161\u00edm porad\u00edme, ale tak\u00e9 n\u011bkter\u00e9 \u017eeny jsou opravdu vztekl\u00e9 a cholerick\u00e9, stejn\u011b tak jako nap\u0159\u00edklad j\u00e1. J\u00e1 ale za to nem\u016f\u017eu, jak se \u017eena narod\u00ed, tak takov\u00e1 je a mysl\u00edm si, \u017ee asi n\u00e1turu anebo povahu na \u010dlov\u011bku u\u017e asi nikdy nezm\u011bn\u00edte. Mus\u00edte toho \u010dlov\u011bka br\u00e1t,\u00a0jak\u00e9ho doma u\u017e m\u00e1te. A z\u00a0cholerika neud\u011bl\u00e1te\u00a0flegmatika nikdy.                                                                                                                                                                                                                                                                                                                                                                                        4.2\/5 - (13 votes)        "},{"@context":"https:\/\/schema.org\/","@type":"BreadcrumbList","itemListElement":[{"@type":"ListItem","position":1,"name":"\u0160pinav\u00fd koberec","item":"https:\/\/www.agar.cz\/spinavy-koberec\/#breadcrumbitem"}]}]