[{"@context":"https:\/\/schema.org\/","@type":"Article","@id":"https:\/\/www.agar.cz\/specializujeme-se-na-jejich-vyrobu\/#Article","mainEntityOfPage":"https:\/\/www.agar.cz\/specializujeme-se-na-jejich-vyrobu\/","headline":"Specializujeme se na jejich v\u00fdrobu","name":"Specializujeme se na jejich v\u00fdrobu","description":"Chyb\u00ed v\u00e1m do podkrovn\u00edho bytu n\u00e1bytek? Nediv\u00edme se. V\u017edy\u0165 tam nem\u016f\u017eete o\u010dek\u00e1vat, \u017ee ho po\u0159\u00edd\u00edte v b\u011b\u017en\u00e9m obchod\u011b. Pokoje maj\u00ed<a href=\"https:\/\/www.agar.cz\/specializujeme-se-na-jejich-vyrobu\/\" class=\"read-more\">Read More<i class=\"fa fa-long-arrow-right\" aria-hidden=\"true\"><\/i><\/a>","datePublished":"2024-11-18","dateModified":"2024-11-18","author":{"@type":"Person","@id":"https:\/\/www.agar.cz\/author\/#Person","name":"","url":"https:\/\/www.agar.cz\/author\/","identifier":1,"image":{"@type":"ImageObject","@id":"https:\/\/secure.gravatar.com\/avatar\/fa654ddfaa4b9f86b3cbb991001ccf40?s=96&d=mm&r=g","url":"https:\/\/secure.gravatar.com\/avatar\/fa654ddfaa4b9f86b3cbb991001ccf40?s=96&d=mm&r=g","height":96,"width":96}},"publisher":{"@type":"Organization","name":"agar.cz","logo":{"@type":"ImageObject","@id":"\/logo.png","url":"\/logo.png","width":600,"height":60}},"url":"https:\/\/www.agar.cz\/specializujeme-se-na-jejich-vyrobu\/","wordCount":162,"articleBody":"Chyb\u00ed v\u00e1m do podkrovn\u00edho bytu n\u00e1bytek? Nediv\u00edme se. V\u017edy\u0165 tam nem\u016f\u017eete o\u010dek\u00e1vat, \u017ee ho po\u0159\u00edd\u00edte v b\u011b\u017en\u00e9m obchod\u011b. Pokoje maj\u00ed d\u00edky zkosen\u00fdm strop\u016fm nepravideln\u00e9 tvary. Tam je nutn\u00e9 si ho nechat ud\u011blat. Pr\u00e1v\u011b takovou \u010dinnost\u00ed se zab\u00fdv\u00e1me. Bez na\u0161ich vestav\u011bn\u00fdch sk\u0159\u00edn\u00ed Praha se tady asi neobejdete. My je v\u00e1m zhotov\u00edme v prvot\u0159\u00eddn\u00ed kvalit\u011b.\tV\u00fdb\u011br ze 100 barev dekor\u016fZvolte si na\u0161e vestav\u011bn\u00e9 sk\u0159\u00edn\u011b Praha a uvid\u00edte, \u017ee budete s nimi pln\u011b spokojeni. M\u00e1me \u0161pi\u010dkov\u00e9 technick\u00e9 vybaven\u00ed a tak\u00e9 odborn\u011b pro\u0161kolen\u00fd person\u00e1l. Jedin\u011b tak jsme schopni takovou pr\u00e1ci prov\u00e1d\u011bt. Jsou ur\u010deny do v\u0161ech prostor, kam nelze sehnat klasick\u00fd n\u00e1bytek z na\u0161ich obchod\u016f. Jedn\u00e1 se hlavn\u011b o m\u00edstnosti s atypick\u00fdmi tvary, potom tak\u00e9 mal\u00e9 nebo hodn\u011b velk\u00e9 prostory.                                                                                                                                                                                                                                                                                                                                                                                        3.7\/5 - (4 votes)        "},{"@context":"https:\/\/schema.org\/","@type":"BreadcrumbList","itemListElement":[{"@type":"ListItem","position":1,"name":"Specializujeme se na jejich v\u00fdrobu","item":"https:\/\/www.agar.cz\/specializujeme-se-na-jejich-vyrobu\/#breadcrumbitem"}]}]