[{"@context":"https:\/\/schema.org\/","@type":"Article","@id":"https:\/\/www.agar.cz\/s-domem-se-da-take-krasne-usetrit\/#Article","mainEntityOfPage":"https:\/\/www.agar.cz\/s-domem-se-da-take-krasne-usetrit\/","headline":"S domem se d\u00e1 tak\u00e9 kr\u00e1sn\u011b u\u0161et\u0159it","name":"S domem se d\u00e1 tak\u00e9 kr\u00e1sn\u011b u\u0161et\u0159it","description":"Ka\u017ed\u00fd tou\u017e\u00ed po kr\u00e1sn\u00e9m dom\u011b, proto\u017ee ka\u017ed\u00fd si chce ud\u011blat sv\u016fj d\u016fm kr\u00e1sn\u00fd a vytvo\u0159it ho podle sebe, podle sv\u00e9ho<a href=\"https:\/\/www.agar.cz\/s-domem-se-da-take-krasne-usetrit\/\" class=\"read-more\">Read More<i class=\"fa fa-long-arrow-right\" aria-hidden=\"true\"><\/i><\/a>","datePublished":"2024-04-09","dateModified":"2024-04-10","author":{"@type":"Person","@id":"https:\/\/www.agar.cz\/author\/#Person","name":"","url":"https:\/\/www.agar.cz\/author\/","identifier":1,"image":{"@type":"ImageObject","@id":"https:\/\/secure.gravatar.com\/avatar\/fa654ddfaa4b9f86b3cbb991001ccf40?s=96&d=mm&r=g","url":"https:\/\/secure.gravatar.com\/avatar\/fa654ddfaa4b9f86b3cbb991001ccf40?s=96&d=mm&r=g","height":96,"width":96}},"publisher":{"@type":"Organization","name":"agar.cz","logo":{"@type":"ImageObject","@id":"\/logo.png","url":"\/logo.png","width":600,"height":60}},"image":{"@type":"ImageObject","@id":"https:\/\/www.agar.cz\/wp-content\/uploads\/istockphoto-1536518148-612x612_4.jpg","url":"https:\/\/www.agar.cz\/wp-content\/uploads\/istockphoto-1536518148-612x612_4.jpg","height":0,"width":0},"url":"https:\/\/www.agar.cz\/s-domem-se-da-take-krasne-usetrit\/","about":["V\u00fdrobky"],"wordCount":436,"articleBody":"   Ka\u017ed\u00fd tou\u017e\u00ed po kr\u00e1sn\u00e9m dom\u011b, proto\u017ee ka\u017ed\u00fd si chce ud\u011blat sv\u016fj d\u016fm kr\u00e1sn\u00fd a vytvo\u0159it ho podle sebe, podle sv\u00e9ho p\u0159\u00e1n\u00ed a podle sv\u00e9ho gusta. Rozhodn\u011b nesm\u00edte zapomenout na to, \u017ee v\u017edycky se d\u00e1 zjistit, co t\u0159eba je\u0161t\u011b na dom\u011b chyb\u00ed. T\u0159eba si po\u0159\u00e1d \u0159\u00edk\u00e1te, \u017ee u\u017e m\u00e1me v\u0161echno, ale ono to tak v\u016fbec nen\u00ed, proto\u017ee na dom\u011b se d\u00e1 vymyslet opravdu tolik v\u011bc\u00ed, \u017ee byste se tomu a\u017e divili. Samoz\u0159ejm\u011b, hlavn\u011b pot\u0159ebn\u00e1 je prost\u011b ta velk\u00e1 a nejd\u016fle\u017eit\u011bj\u0161\u00ed fantazie \u010dlov\u011bka, kter\u00e1 je od toho, abyste opravdu vymysleli n\u011bco extravagantn\u00edho, co prost\u011b doma je\u0161t\u011b nem\u00e1te, a hlavn\u011b co se v\u00e1m bude doma rozhodn\u011b hodit. Podle v\u0161eho je pot\u0159eba, abyste opravdu p\u0159i\u0161li na to, co doma nem\u00e1te, a hlavn\u011b aby to bylo u\u017eite\u010dn\u00e9. Proto\u017ee kdy\u017e do domu koup\u00edte u\u017eite\u010dnou v\u011bc, tak budete v\u011bd\u011bt, \u017ee ona nen\u00ed jenom tak k zahozen\u00ed. Tak\u017ee ur\u010dit\u011b p\u0159em\u00fd\u0161l\u00edte, o \u010dem mluv\u00edm. No p\u0159ece mluv\u00edm o fotovoltaice a jej\u00ed cena je opravdu velice n\u00edzk\u00e1, proto\u017ee cena fotovoltaiky je opravdu tak n\u00edzk\u00e1, \u017ee si to nedovedete ani p\u0159edstavit. Tak\u017ee rozhodn\u011b u\u0161et\u0159\u00edte spoustu n\u00e1klad\u016f za energie, proto\u017ee pokud jste doposud platili vysok\u00e9 \u010d\u00e1stky, tak d\u00edky fotovoltaice na to m\u016f\u017eete zapomenout. A budete platit dohromady ni\u017e\u0161\u00ed, tak\u017ee rozhodn\u011b tohle je velice skv\u011bl\u00e1 volba, proto\u017ee d\u00edky tomu v\u00e1m zbydou n\u011bjak\u00e9 pen\u00edze a m\u016f\u017eete t\u0159eba odjet se svou kamar\u00e1dkou nebo kamar\u00e1dem prost\u011b n\u011bkam na dovolenou, kde si prost\u011b u\u017eijete spolu \u00fa\u017easn\u00fd v\u00edkend nebo t\u00fdden. To z\u00e1le\u017e\u00ed na v\u00e1s, ale v\u017edycky se d\u00e1 n\u00e1ramn\u011b u\u0161et\u0159it a v\u00fdhodou je, \u017ee prost\u011b tu fotovoltaiku budete m\u00edt na sv\u00e9m dom\u011b a uvid\u00edte, \u017ee si t\u00edm \u00fapln\u011b u\u017eijete prost\u011b v\u00edc pen\u011bz nav\u00edc a prost\u011b si u\u017eijete to nejkr\u00e1sn\u011bj\u0161\u00ed, co jste si je\u0161t\u011b neu\u017eili d\u00edky fotovoltaice, tak\u017ee rozhodn\u011b nezoufejte a honem a\u0165 u\u017e j\u00ed m\u00e1te na st\u0159e\u0161e. Proto\u017ee opravdu u\u017e mnoho lid\u00ed ji m\u00e1 na st\u0159e\u0161e, proto\u017ee je to velice d\u016fle\u017eit\u00e9 pro n\u00e1\u0161 d\u016fm. Proto\u017ee opravdu lid\u00e9 nakupuj\u00ed a sna\u017e\u00ed se hodn\u011b u\u0161et\u0159it.                                                                                                                                                                                                                                                                                                                                                                                          3.1\/5 - (10 votes)        "},{"@context":"https:\/\/schema.org\/","@type":"BreadcrumbList","itemListElement":[{"@type":"ListItem","position":1,"name":"S domem se d\u00e1 tak\u00e9 kr\u00e1sn\u011b u\u0161et\u0159it","item":"https:\/\/www.agar.cz\/s-domem-se-da-take-krasne-usetrit\/#breadcrumbitem"}]}]