[{"@context":"https:\/\/schema.org\/","@type":"Article","@id":"https:\/\/www.agar.cz\/rekonstruujeme-dvougeneracni-dum\/#Article","mainEntityOfPage":"https:\/\/www.agar.cz\/rekonstruujeme-dvougeneracni-dum\/","headline":"Rekonstruujeme dvougenera\u010dn\u00ed d\u016fm","name":"Rekonstruujeme dvougenera\u010dn\u00ed d\u016fm","description":"Re\u00e1ln\u00fd socialismus byl v n\u011b\u010dem dobr\u00fd a v n\u011b\u010dem ne, v z\u00e1sad\u011b o tom rozhodovali samotn\u00ed lid\u00e9 sv\u00fdm p\u0159\u00edstupem, ov\u0161em<a href=\"https:\/\/www.agar.cz\/rekonstruujeme-dvougeneracni-dum\/\" class=\"read-more\">Read More<i class=\"fa fa-long-arrow-right\" aria-hidden=\"true\"><\/i><\/a>","datePublished":"2024-01-21","dateModified":"2024-01-21","author":{"@type":"Person","@id":"https:\/\/www.agar.cz\/author\/#Person","name":"","url":"https:\/\/www.agar.cz\/author\/","identifier":1,"image":{"@type":"ImageObject","@id":"https:\/\/secure.gravatar.com\/avatar\/fa654ddfaa4b9f86b3cbb991001ccf40?s=96&d=mm&r=g","url":"https:\/\/secure.gravatar.com\/avatar\/fa654ddfaa4b9f86b3cbb991001ccf40?s=96&d=mm&r=g","height":96,"width":96}},"publisher":{"@type":"Organization","name":"agar.cz","logo":{"@type":"ImageObject","@id":"\/logo.png","url":"\/logo.png","width":600,"height":60}},"image":{"@type":"ImageObject","@id":"https:\/\/www.agar.cz\/wp-content\/uploads\/antwerp-2019990_640.jpg","url":"https:\/\/www.agar.cz\/wp-content\/uploads\/antwerp-2019990_640.jpg","height":0,"width":0},"url":"https:\/\/www.agar.cz\/rekonstruujeme-dvougeneracni-dum\/","about":["Slu\u017eby"],"wordCount":421,"articleBody":"   Re\u00e1ln\u00fd socialismus byl v n\u011b\u010dem dobr\u00fd a v n\u011b\u010dem ne, v z\u00e1sad\u011b o tom rozhodovali samotn\u00ed lid\u00e9 sv\u00fdm p\u0159\u00edstupem, ov\u0161em jednu typickou vlastnost tohoto spole\u010densk\u00e9ho z\u0159\u00edzen\u00ed mu nelze up\u0159\u00edt. V t\u00e9 dob\u011b tu toti\u017e m\u011bl v podstat\u011b ka\u017ed\u00fd (a\u017e na p\u00e1r extr\u00e9mn\u00edch v\u00fdjimek) zaji\u0161t\u011bnou vlastn\u00ed st\u0159echu nad hlavou. Za dobu \u010dty\u0159iceti let se tu vybudovalo n\u011bkolik des\u00edtek, mo\u017en\u00e1 stovek nov\u00fdch s\u00eddli\u0161\u0165, a i kdy\u017e mnoz\u00ed lid\u00e9 nad\u00e1vaj\u00ed na \u017eivot v panelov\u00fdch bytech, kdybychom je tu nem\u011bli, byl by \u017eivot v na\u0161\u00ed zemi nep\u0159edstaviteln\u00fd.Bydlen\u00ed v byt\u011b obn\u00e1\u0161\u00ed jist\u00e9 v\u00fdhody i dnes, zejm\u00e9na dokonal\u00e9 pohodl\u00ed a minimum starost\u00ed o \u00fadr\u017ebu a \u00faklid spole\u010dn\u00fdch prostor, ale probl\u00e9m nast\u00e1v\u00e1 tehdy, chcete-li u\u0161et\u0159it v\u011bt\u0161\u00ed sumu pen\u011bz za n\u00e1klady na energie. V byt\u011b toti\u017e nem\u00e1te v podstat\u011b \u017e\u00e1dn\u00e9 z\u00e1sadn\u00ed mo\u017enosti, jak to prov\u00e9st, a proto \u0159ada lid\u00ed byty opou\u0161t\u00ed a st\u011bhuje se na venkov do rodinn\u00fdch dom\u016f. V\u00fdhodn\u00e9 je to zejm\u00e9na u dvougenera\u010dn\u00edch objekt\u016f, kter\u00e9 ob\u00fdv\u00e1te s rodi\u010di, a n\u00e1klady na bydlen\u00ed se v\u00e1m pak sn\u00ed\u017e\u00ed na minimum.Jestli\u017ee takov\u00fd d\u016fm popt\u00e1v\u00e1te a nakonec po\u0159\u00edd\u00edte, a je v p\u016fvodn\u00edm stavu, budete z\u0159ejm\u011b uva\u017eovat o jeho rekonstrukci. V t\u00e9to chv\u00edli se pak ocit\u00e1te p\u0159ed ot\u00e1zkou, kam vyst\u011bhovat v\u0161echny va\u0161e v\u011bci, abyste stavebn\u00ed firm\u011b umo\u017enili volnost ve stavebn\u00ed \u010dinnosti, a aby v\u00e1\u0161 osobn\u00ed majetek nep\u0159i\u0161el k \u00fahon\u011b.Pro tyto a dal\u0161\u00ed podobn\u00e9 situace jsou lidem k dispozici pron\u00e1jmy skladov\u00fdch kontejner\u016f otpsklady.cz. Jsou to ty zn\u00e1m\u00e9 ocelov\u00e9 boxy, co v\u00edd\u00e1me na zaoce\u00e1nsk\u00fdch lod\u00edch, jsou tu vyskl\u00e1dan\u00e9 do velk\u00fdch v\u00fd\u0161ek a p\u0159epravuje se v jejich \u00fatrob\u00e1ch r\u016fzn\u00e9 spot\u0159ebn\u00ed zbo\u017e\u00ed. Kontejner je pro tyto \u00fa\u010dely ide\u00e1ln\u00ed, je dostate\u010dn\u011b pevn\u00fd a odoln\u00fd v\u016f\u010di v\u011btru, de\u0161ti, sn\u011b\u017een\u00ed, n\u00e1mraze a prudk\u00e9mu slunci a uzamykateln\u00e1 vrata se postaraj\u00ed o alespo\u0148 z\u00e1kladn\u00ed zabezpe\u010den\u00ed p\u0159ed zlod\u011bji.Pron\u00e1jmy kontejner\u016f lze domluvit na libovoln\u011b dlouhou dobu, v\u0161e je ot\u00e1zkou vz\u00e1jemn\u00e9 dohody mezi v\u00e1mi a spole\u010dnost\u00ed, kter\u00e1 v\u00e1m kontejner p\u0159istav\u00ed na zahradu.                                                                                                                                                                                                                                                                                                                                                                                          4.5\/5 - (2 votes)        "},{"@context":"https:\/\/schema.org\/","@type":"BreadcrumbList","itemListElement":[{"@type":"ListItem","position":1,"name":"Rekonstruujeme dvougenera\u010dn\u00ed d\u016fm","item":"https:\/\/www.agar.cz\/rekonstruujeme-dvougeneracni-dum\/#breadcrumbitem"}]}]