[{"@context":"https:\/\/schema.org\/","@type":"Article","@id":"https:\/\/www.agar.cz\/proslapte-svuj-vylet\/#Article","mainEntityOfPage":"https:\/\/www.agar.cz\/proslapte-svuj-vylet\/","headline":"Pro\u0161lapte sv\u016fj v\u00fdlet","name":"Pro\u0161lapte sv\u016fj v\u00fdlet","description":"Pokud jste cyklist\u00e9, pak jist\u011b v\u00edte, \u017ee trasy vedouc\u00ed \u010ceskou republikou snad ani neberou konce. Ano, srovn\u00e1te-li mo\u017enosti, kter\u00e9 maj\u00ed<a href=\"https:\/\/www.agar.cz\/proslapte-svuj-vylet\/\" class=\"read-more\">Read More<i class=\"fa fa-long-arrow-right\" aria-hidden=\"true\"><\/i><\/a>","datePublished":"2019-09-08","dateModified":"2019-09-08","author":{"@type":"Person","@id":"https:\/\/www.agar.cz\/author\/#Person","name":"","url":"https:\/\/www.agar.cz\/author\/","identifier":1,"image":{"@type":"ImageObject","@id":"https:\/\/secure.gravatar.com\/avatar\/fa654ddfaa4b9f86b3cbb991001ccf40?s=96&d=mm&r=g","url":"https:\/\/secure.gravatar.com\/avatar\/fa654ddfaa4b9f86b3cbb991001ccf40?s=96&d=mm&r=g","height":96,"width":96}},"publisher":{"@type":"Organization","name":"agar.cz","logo":{"@type":"ImageObject","@id":"\/logo.png","url":"\/logo.png","width":600,"height":60}},"image":{"@type":"ImageObject","@id":"https:\/\/www.agar.cz\/wp-content\/uploads\/img_a363388_w1773_t1576134560.jpg","url":"https:\/\/www.agar.cz\/wp-content\/uploads\/img_a363388_w1773_t1576134560.jpg","height":0,"width":0},"url":"https:\/\/www.agar.cz\/proslapte-svuj-vylet\/","wordCount":405,"articleBody":"   Pokud jste cyklist\u00e9, pak jist\u011b v\u00edte, \u017ee trasy vedouc\u00ed \u010ceskou republikou snad ani neberou konce. Ano, srovn\u00e1te-li mo\u017enosti, kter\u00e9 maj\u00ed dne\u0161n\u00ed milovn\u00edci \u0161lap\u00e1n\u00ed s t\u011bmi z let minul\u00fdch, ur\u010dit\u011b potvrd\u00edte velk\u00e9 zlep\u0161en\u00ed pr\u00e1v\u011b i v oblasti infrastruktury \u201ekola\u0159sk\u00fdch\u201c cest.  M\u00edsta ur\u010den\u00e1 pro \u201e\u0161lapac\u00ed v\u00fdlety\u201c po\u010d\u00edtaj\u00ed s klikat\u00edc\u00edmi se trasami pod\u00e9l \u0159ek i mezi m\u011bsty r\u016fzn\u00fdch kout\u016f na\u0161\u00ed zem\u011b. Nap\u0159\u00edklad na severu m\u016f\u017eete obdivovat kr\u00e1snou p\u0159\u00edrodu a obce v Polab\u00ed, na Morav\u011b pak lze kombinovat  https:\/\/cs.bab.la\/slovnik\/cesky-anglicky\/kombinovat radost z pohybu s l\u00e1skou k v\u00ednu. \u0158ada vina\u0159sk\u00fdch stezek kolem Valtic a Mikulova by jist\u011b mohla vypr\u00e1v\u011bt, kolik nad\u0161enc\u016f po n\u00ed p\u0159es sezonu p\u0159ejede. D\u00edky dota\u010dn\u00edm program\u016fm Evropsk\u00e9 unie a filozofii voln\u00e9ho pohybu po n\u00ed, pak nemus\u00edte \u0161lapat do ped\u00e1l\u016f jen u n\u00e1s. T\u0159eba ze zmi\u0148ovan\u00e9ho Mikulova tak m\u016f\u017eete zam\u00ed\u0159it do Rakouska, na severu zase hezky pod\u00e9l Labe do N\u011bmecka. Dal\u0161\u00ed kapitolou jsou samoz\u0159ejm\u011b samotn\u00e9 velocipedy. Ty dnes d\u00edky inovac\u00edm dos\u00e1hly na jezdeck\u00fd komfort, kter\u00fd d\u011bl\u00e1 amat\u00e9rskou cyklistiku p\u0159\u00edstupn\u011bj\u0161\u00ed st\u00e1le v\u00edce lidem. Je nutn\u00e9 sem zapo\u010d\u00edtat i boom posledn\u00edch let, to znamen\u00e1 elektrokola. Pro n\u011bkter\u00e9 z \u0159ad &#8222;tvrd\u00e9ho j\u00e1dra prav\u00fdch jezdc\u016f&#8220; jde o &#8222;nep\u0159ijatelnost\u201c. Nicm\u00e9n\u011b objektivn\u011b lze konstatovat, \u017ee elektromotory mnoh\u00fdm dop\u0159\u00e1ly znovu poc\u00edtit radost z j\u00edzdy i pohybu. Ruku v ruce s popt\u00e1vkou po cyklistick\u00fdch v\u00fdletech jde i popt\u00e1vka po p\u0159\u00edslu\u0161enstv\u00ed, kter\u00e9 umo\u017e\u0148uje bicykly p\u0159epravovat. Po\u0159\u00eddit si nosi\u010d na kolo na ta\u017en\u00e9 za\u0159\u00edzen\u00ed dnes tedy tak\u00e9 nen\u00ed \u017e\u00e1dn\u00e9 sci-fi. Pravdou je, \u017ee koupit ho sice nen\u00ed stejn\u00e9 jako n\u00e1kup rohl\u00edku, nicm\u00e9n\u011b na druhou stranu rovn\u011b\u017e plat\u00ed &#8211; o \u017e\u00e1dn\u00e9 jadern\u00e9 in\u017een\u00fdrstv\u00ed tak\u00e9 nejde. S vhodn\u00fdm typem ta\u017en\u00e9ho za\u0159\u00edzen\u00ed pro V\u00e1\u0161 automobil r\u00e1da porad\u00ed cel\u00e1 \u0159ada prodejc\u016f. Ti maj\u00ed zodpov\u00edd\u00e1n\u00ed t\u011bchto ot\u00e1zek ve sv\u00e9m servisu zcela p\u0159irozen\u011b. Sv\u00e9 mil\u00e1\u010dky s \u0159\u00edd\u00edtky a p\u0159ehazova\u010dkami pak sta\u010d\u00ed pouze p\u0159ipevnit a hur\u00e1 i do vzd\u00e1len\u011bj\u0161\u00edch destinac\u00ed!                                                                                                                                                                                                                                                                                                                                                                                           4.5\/5 - (4 votes)        "},{"@context":"https:\/\/schema.org\/","@type":"BreadcrumbList","itemListElement":[{"@type":"ListItem","position":1,"name":"Pro\u0161lapte sv\u016fj v\u00fdlet","item":"https:\/\/www.agar.cz\/proslapte-svuj-vylet\/#breadcrumbitem"}]}]