[{"@context":"https:\/\/schema.org\/","@type":"Article","@id":"https:\/\/www.agar.cz\/pronajem-kvalitnich-vozu-za-nejnizsi-ceny\/#Article","mainEntityOfPage":"https:\/\/www.agar.cz\/pronajem-kvalitnich-vozu-za-nejnizsi-ceny\/","headline":"Pron\u00e1jem kvalitn\u00edch voz\u016f za nejni\u017e\u0161\u00ed ceny","name":"Pron\u00e1jem kvalitn\u00edch voz\u016f za nejni\u017e\u0161\u00ed ceny","description":"Pron\u00e1jem kvalitn\u00edch voz\u016f za nejni\u017e\u0161\u00ed \u010desk\u00e9 ceny. To a mnoho nav\u00edc V\u00e1m nab\u00edz\u00ed na\u0161e autop\u016fj\u010dovna. Na\u0161e autop\u016fj\u010dovna V\u00e1m tak\u00e9 nab\u00edz\u00ed<a href=\"https:\/\/www.agar.cz\/pronajem-kvalitnich-vozu-za-nejnizsi-ceny\/\" class=\"read-more\">Read More<i class=\"fa fa-long-arrow-right\" aria-hidden=\"true\"><\/i><\/a>","datePublished":"2024-12-20","dateModified":"2024-12-20","author":{"@type":"Person","@id":"https:\/\/www.agar.cz\/author\/#Person","name":"","url":"https:\/\/www.agar.cz\/author\/","identifier":1,"image":{"@type":"ImageObject","@id":"https:\/\/secure.gravatar.com\/avatar\/fa654ddfaa4b9f86b3cbb991001ccf40?s=96&d=mm&r=g","url":"https:\/\/secure.gravatar.com\/avatar\/fa654ddfaa4b9f86b3cbb991001ccf40?s=96&d=mm&r=g","height":96,"width":96}},"publisher":{"@type":"Organization","name":"agar.cz","logo":{"@type":"ImageObject","@id":"\/logo.png","url":"\/logo.png","width":600,"height":60}},"url":"https:\/\/www.agar.cz\/pronajem-kvalitnich-vozu-za-nejnizsi-ceny\/","wordCount":163,"articleBody":"Pron\u00e1jem kvalitn\u00edch voz\u016f za nejni\u017e\u0161\u00ed \u010desk\u00e9 ceny. To a mnoho nav\u00edc V\u00e1m nab\u00edz\u00ed na\u0161e autop\u016fj\u010dovna. Na\u0161e autop\u016fj\u010dovna V\u00e1m tak\u00e9 nab\u00edz\u00ed flexibiln\u00ed a individu\u00e1ln\u00ed p\u0159\u00edstup. Je n\u00e1m jedno, zdali jste soukrom\u00e1 osoba, podnikatel nebo z\u00e1stupce nadn\u00e1rodn\u00ed korporace. Na\u0161i zam\u011bstnanci se chovaj\u00ed stejn\u011b ke ka\u017ed\u00e9mu. A to bez rozd\u00edl\u016f. Pokud si u n\u00e1s dop\u0159edu objedn\u00e1te v\u016fz, jsme schopni V\u00e1m ho p\u0159istavit kdekoliv na \u010desk\u00e9m \u00fazem\u00ed v kteroukoliv denn\u00ed \u010di no\u010dn\u00ed dobu. Na\u0161e autop\u016fj\u010dovna m\u00e1 tak\u00e9 otev\u0159eno po\u0159\u00e1d. A po\u0159\u00e1d mysl\u00edme 24 hodin denn\u011b, 7 dn\u00ed v t\u00fddn\u016f. V\u010detn\u011b v\u0161ech druh\u016f sv\u00e1tk\u016f. Reklama Na\u0161e vozidla nemaj\u00ed \u017e\u00e1dn\u00e1 reklamn\u00ed ozna\u010den\u00ed. I to je dal\u0161\u00ed velk\u00fd pokrok oproti na\u0161i konkurenci. Velkou v\u00fdhodou, kterou na\u0161e autop\u016fj\u010dovna m\u00e1, je jej\u00ed flexibilita.                                                                                                                                                                                                                                                                                                                                                                                        4.7\/5 - (3 votes)        "},{"@context":"https:\/\/schema.org\/","@type":"BreadcrumbList","itemListElement":[{"@type":"ListItem","position":1,"name":"Pron\u00e1jem kvalitn\u00edch voz\u016f za nejni\u017e\u0161\u00ed ceny","item":"https:\/\/www.agar.cz\/pronajem-kvalitnich-vozu-za-nejnizsi-ceny\/#breadcrumbitem"}]}]