[{"@context":"https:\/\/schema.org\/","@type":"Article","@id":"https:\/\/www.agar.cz\/prehledne-rozdeleni-do-kategorii\/#Article","mainEntityOfPage":"https:\/\/www.agar.cz\/prehledne-rozdeleni-do-kategorii\/","headline":"P\u0159ehledn\u00e9 rozd\u011blen\u00ed do kategori\u00ed","name":"P\u0159ehledn\u00e9 rozd\u011blen\u00ed do kategori\u00ed","description":"Ve\u0161ker\u00e9 rodinn\u00e9 venkovn\u00ed nebo vnit\u0159n\u00ed v\u00ed\u0159ivky uveden\u00e9 v na\u0161\u00ed jedine\u010dn\u00e9 nab\u00eddce rozd\u011blen\u00ed podle t\u0159\u00eddy, velikosti, cenov\u00e9ho rozp\u011bt\u00ed a zp\u016fsobu relaxce<a href=\"https:\/\/www.agar.cz\/prehledne-rozdeleni-do-kategorii\/\" class=\"read-more\">Read More<i class=\"fa fa-long-arrow-right\" aria-hidden=\"true\"><\/i><\/a>","datePublished":"2024-12-13","dateModified":"2024-12-13","author":{"@type":"Person","@id":"https:\/\/www.agar.cz\/author\/#Person","name":"","url":"https:\/\/www.agar.cz\/author\/","identifier":1,"image":{"@type":"ImageObject","@id":"https:\/\/secure.gravatar.com\/avatar\/fa654ddfaa4b9f86b3cbb991001ccf40?s=96&d=mm&r=g","url":"https:\/\/secure.gravatar.com\/avatar\/fa654ddfaa4b9f86b3cbb991001ccf40?s=96&d=mm&r=g","height":96,"width":96}},"publisher":{"@type":"Organization","name":"agar.cz","logo":{"@type":"ImageObject","@id":"\/logo.png","url":"\/logo.png","width":600,"height":60}},"url":"https:\/\/www.agar.cz\/prehledne-rozdeleni-do-kategorii\/","wordCount":153,"articleBody":"Ve\u0161ker\u00e9 rodinn\u00e9 venkovn\u00ed nebo vnit\u0159n\u00ed v\u00ed\u0159ivky uveden\u00e9 v na\u0161\u00ed jedine\u010dn\u00e9 nab\u00eddce rozd\u011blen\u00ed podle t\u0159\u00eddy, velikosti, cenov\u00e9ho rozp\u011bt\u00ed a zp\u016fsobu relaxce na Business, Diamond a Economy, proto v\u011b\u0159\u00edme, \u017ee si u n\u00e1s vybere i ten nejn\u00e1ro\u010dn\u011bj\u0161\u00ed z\u00e1kazn\u00edk. Nav\u00edc si m\u016f\u017eete v\u0161echny modely z katalogu prohl\u00e9dnout osobn\u011b v na\u0161ich showroomech v Praze a v Ostrav\u011b. \u0160irok\u00e1 nab\u00eddka relaxa\u010dn\u00edch rodinn\u00fdch van Relaxa\u010dn\u00ed vany, neboli v\u00ed\u0159ivky s dlouhou garanc\u00ed kvality a servisn\u00edho z\u00e1zem\u00ed za skv\u011blou cenu v\u00e1m nab\u00edz\u00ed k prodeji na\u0161e spole\u010dnost Spa Servis s. r. o.. Jejich cenov\u00e9 rozp\u011bt\u00ed se pohybuje od 89 990 K\u010d do 119 990 K\u010d, a podle jejich velikost\u00ed jsou ur\u010den\u00e9 pro 2, 5 a\u017e 6 osob, nebo pro d\u011bti od 3 let, seniory \u010di pro osoby s omezenou pohyblivost\u00ed.                                                                                                                                                                                                                                                                                                                                                                                        3.5\/5 - (6 votes)        "},{"@context":"https:\/\/schema.org\/","@type":"BreadcrumbList","itemListElement":[{"@type":"ListItem","position":1,"name":"P\u0159ehledn\u00e9 rozd\u011blen\u00ed do kategori\u00ed","item":"https:\/\/www.agar.cz\/prehledne-rozdeleni-do-kategorii\/#breadcrumbitem"}]}]