[{"@context":"https:\/\/schema.org\/","@type":"Article","@id":"https:\/\/www.agar.cz\/nejkrasnejsi-den-nesmi-mit-chybu\/#Article","mainEntityOfPage":"https:\/\/www.agar.cz\/nejkrasnejsi-den-nesmi-mit-chybu\/","headline":"NEJKR\u00c1SN\u011aJ\u0160\u00cd DEN NESM\u00cd M\u00cdT CHYBU","name":"NEJKR\u00c1SN\u011aJ\u0160\u00cd DEN NESM\u00cd M\u00cdT CHYBU","description":"U\u017e v\u00e1s p\u0159e\u0161lo po\u010d\u00e1te\u010dn\u00ed nad\u0161en\u00ed, proto\u017ee jste si uv\u011bdomila, co pr\u00e1ce a za\u0159izov\u00e1n\u00ed kolem svatebn\u00edho dne bude. Z\u00e1le\u017e\u00ed jen na<a href=\"https:\/\/www.agar.cz\/nejkrasnejsi-den-nesmi-mit-chybu\/\" class=\"read-more\">Read More<i class=\"fa fa-long-arrow-right\" aria-hidden=\"true\"><\/i><\/a>","datePublished":"2025-02-27","dateModified":"2025-02-27","author":{"@type":"Person","@id":"https:\/\/www.agar.cz\/author\/#Person","name":"","url":"https:\/\/www.agar.cz\/author\/","identifier":1,"image":{"@type":"ImageObject","@id":"https:\/\/secure.gravatar.com\/avatar\/fa654ddfaa4b9f86b3cbb991001ccf40?s=96&d=mm&r=g","url":"https:\/\/secure.gravatar.com\/avatar\/fa654ddfaa4b9f86b3cbb991001ccf40?s=96&d=mm&r=g","height":96,"width":96}},"publisher":{"@type":"Organization","name":"agar.cz","logo":{"@type":"ImageObject","@id":"\/logo.png","url":"\/logo.png","width":600,"height":60}},"image":{"@type":"ImageObject","@id":"https:\/\/www.agar.cz\/wp-content\/uploads\/img_a313436_w2304_t1524166142.jpg","url":"https:\/\/www.agar.cz\/wp-content\/uploads\/img_a313436_w2304_t1524166142.jpg","height":0,"width":0},"url":"https:\/\/www.agar.cz\/nejkrasnejsi-den-nesmi-mit-chybu\/","wordCount":665,"articleBody":"U\u017e v\u00e1s p\u0159e\u0161lo po\u010d\u00e1te\u010dn\u00ed nad\u0161en\u00ed, proto\u017ee jste si uv\u011bdomila, co pr\u00e1ce a za\u0159izov\u00e1n\u00ed kolem svatebn\u00edho dne bude.Z\u00e1le\u017e\u00ed jen na v\u00e1s a va\u0161em nast\u00e1vaj\u00edc\u00edm, jak tento den chcete pojmout. \u017denichovi je to v\u011bt\u0161inou jedno, nem\u00e1 \u017e\u00e1dnou p\u0159edstavu, tak se do toho m\u016f\u017eete pustit.\u0160aty u\u017e m\u00edv\u00e1 v\u011bt\u0161ina \u017een ve sv\u00e9 hlav\u011b vybran\u00e9.M\u016f\u017eete ty vysn\u011bn\u00e9 hledat v\u00a0p\u016fj\u010dovn\u011b, nebo si je nechat u\u0161\u00edt a posl\u00e9ze je bu\u010f prodat, nebo si je nechat na pam\u00e1tku.Ale pravda je, \u017ee ty, o kter\u00fdch sn\u00edte, nakonec nevypadaj\u00ed na v\u00e1s tak dob\u0159e, jak jste si p\u0159edstavovala. \u00a0Pokud jsou vlastn\u00ed, je to katastrofa a budete m\u00edt zka\u017een\u00fd cel\u00fd den, proto je lep\u0161\u00ed, kdy\u017e nav\u0161t\u00edv\u00edte p\u00e1r p\u016fj\u010doven, abyste zjistila, kter\u00fd model se nejl\u00e9pe hod\u00ed pro va\u0161i postavu, \u00fa\u010des, kter\u00fd zam\u00fd\u0161l\u00edte ten den m\u00edt, ale i ke kv\u011btin\u00e1m, kter\u00e9 ponesete.Zajistit m\u00edsto, kde se bude po\u0159\u00e1dat hostina. Vymyslet menu, kter\u00e9 bude chutnat host\u016fm.Mo\u017en\u00e1 zajistit n\u011bjakou kapelu, kter\u00e1 v\u00e1m bude hr\u00e1t k\u00a0tanci.Hlavn\u011b na nic nezapomenout. V\u00a0tom v\u00e1m m\u016f\u017ee b\u00fdt n\u00e1pomocna kamar\u00e1dka, kter\u00e1 p\u016fjde za sv\u011bdka. Svou radou, ale i pomoc\u00ed m\u016f\u017ee p\u0159isp\u011bt maminka, ale pokud chcete m\u00edt v\u0161e skute\u010dn\u011b perfektn\u00ed, obra\u0165te se na svatebn\u00ed agenturu.Ale i tu vyb\u00edrejte pe\u010dliv\u011b.Nikdy nev\u00edte, jestli maj\u00ed dobr\u00e9ho fotografa, zda um\u00ed reagovat na n\u011bjak\u00fd nedostatek a rychle ho vy\u0159e\u0161it, jak\u00e9 pou\u017e\u00edvaj\u00ed vybaven\u00ed a dopl\u0148ky, jestli dok\u00e1\u017eou zajistit l\u00ed\u010den\u00ed a \u00fa\u010desy. Proto je dobr\u00e9 proj\u00edt v\u00edc agentur a spojit se s\u00a0lidmi, kte\u0159\u00ed vyu\u017eili jejich slu\u017eeb.Stoj\u00ed to za to, v\u00e1\u017en\u011b. Ne ka\u017ed\u00fd dok\u00e1\u017ee zajistit to, po \u010dem tou\u017e\u00edte, i kdy\u017e maj\u00ed n\u00e1dhern\u00e9 fotky a dob\u0159e propracovan\u00e9 webov\u00e9 str\u00e1nky.D\u016fle\u017eit\u00e9 tak\u00e9 je, jak se chcete dopravit do m\u00edsta va\u0161eho s\u0148atku.Odko\u010d\u00edruj\u00ed to p\u0159\u00edbuzn\u00ed, nebo si najmete i auta?Jak\u00e1 vlastn\u011b agentura pronaj\u00edm\u00e1? Cht\u011bjte je vid\u011bt na vlastn\u00ed o\u010di.Nech\u00e1te se oddat venku, nebo tou\u017e\u00edte b\u00fdt jako princezna a vd\u00e1t se na hrad\u011b, nebo z\u00e1mku?Jestli m\u00e1te u\u017e od d\u011btstv\u00ed sen, o konkr\u00e9tn\u00edm m\u00edst\u011b a nen\u00ed to zrovna region, kde bydl\u00edte, zjist\u011bte si, o kolik bude dra\u017e\u0161\u00ed ob\u0159ad a jestli se v\u00e1m to vyplat\u00ed.Dort by m\u011bl b\u00fdt vkusn\u00fd a lahodn\u00fd. Jestli je va\u0161\u00edm snem ozdobit ho figurkou \u017eenicha a nev\u011bsty, tak jen do toho. M\u016fj \u0161\u00e1lek k\u00e1vy to nen\u00ed, ale je to v\u00e1\u0161 den. Prozrad\u00edm v\u00e1m, \u017ee kdy\u017e jsem se j\u00e1 vd\u00e1vala, tak jsme objednali dort ve vyhl\u00e1\u0161en\u00e9 cukr\u00e1rn\u011b, podle fotky (na ochutn\u00e1vku se ned\u011blaly) a kdy\u017e jsme si ho odpoledne p\u0159ed svatbou vyzvedli, byli jsme p\u0159ekvapen\u00ed. Vypadal jako n\u011bkolikapatrov\u00fd kulich s\u00a0r\u016f\u017eov\u00fdmi vlnovkami a ani trochu se nepodobal obr\u00e1zku. Bohu\u017eel, byl p\u00e1tek odpoledne a nebylo kam j\u00edt pro n\u011bco jin\u00e9ho. T\u0159eba i jen v\u011btrn\u00edky.Prst\u00fdnky jsou velice d\u016fle\u017eitou sou\u010d\u00e1st\u00ed svatby, proto\u017ee dort sn\u00edte, ale ony v\u00e1m z\u016fstanou. A\u0165 jsou kr\u00e1sn\u00e9 a p\u0159i pohledu vyjad\u0159uj\u00ed, jak moc jste spolu \u0161\u0165astn\u00ed. A nen\u00ed to v\u00a0jejich cen\u011b.Hlavn\u011b nepropadn\u011bte panice a u\u017e\u00edvejte si p\u0159edsvatebn\u00ed \u201e\u0161\u00edlenstv\u00ed\u201c v\u00a0co nejv\u011bt\u0161\u00edm klidu. Ono to n\u011bjak dopadne a hlavn\u00ed je, \u017ee si berete svou l\u00e1sku, kter\u00e1 v\u00e1m bude st\u00e1t po boku a po zbytek \u017eivota v\u00e1m bude oporou.                                                                                                                                                                                                                                                                                                                                                                                        4.6\/5 - (8 votes)        "},{"@context":"https:\/\/schema.org\/","@type":"BreadcrumbList","itemListElement":[{"@type":"ListItem","position":1,"name":"NEJKR\u00c1SN\u011aJ\u0160\u00cd DEN NESM\u00cd M\u00cdT CHYBU","item":"https:\/\/www.agar.cz\/nejkrasnejsi-den-nesmi-mit-chybu\/#breadcrumbitem"}]}]