[{"@context":"https:\/\/schema.org\/","@type":"Article","@id":"https:\/\/www.agar.cz\/more-anebo-priroda\/#Article","mainEntityOfPage":"https:\/\/www.agar.cz\/more-anebo-priroda\/","headline":"Mo\u0159e, anebo p\u0159\u00edroda?","name":"Mo\u0159e, anebo p\u0159\u00edroda?","description":"Ka\u017ed\u00fd \u010dlov\u011bk, kter\u00fd si chce u\u017e\u00edvat sv\u00e9ho \u017eivota, ur\u010dit\u011b n\u011bkdy zatou\u017eil jet k mo\u0159i. N\u011bkdo si tohle kr\u00e1sn\u00e9 cestov\u00e1n\u00ed dop\u0159\u00e1v\u00e1<a href=\"https:\/\/www.agar.cz\/more-anebo-priroda\/\" class=\"read-more\">Read More<i class=\"fa fa-long-arrow-right\" aria-hidden=\"true\"><\/i><\/a>","datePublished":"2025-09-04","dateModified":"2025-09-04","author":{"@type":"Person","@id":"https:\/\/www.agar.cz\/author\/#Person","name":"","url":"https:\/\/www.agar.cz\/author\/","identifier":1,"image":{"@type":"ImageObject","@id":"https:\/\/secure.gravatar.com\/avatar\/fa654ddfaa4b9f86b3cbb991001ccf40?s=96&d=mm&r=g","url":"https:\/\/secure.gravatar.com\/avatar\/fa654ddfaa4b9f86b3cbb991001ccf40?s=96&d=mm&r=g","height":96,"width":96}},"publisher":{"@type":"Organization","name":"agar.cz","logo":{"@type":"ImageObject","@id":"\/logo.png","url":"\/logo.png","width":600,"height":60}},"url":"https:\/\/www.agar.cz\/more-anebo-priroda\/","wordCount":250,"articleBody":"Ka\u017ed\u00fd \u010dlov\u011bk, kter\u00fd si chce u\u017e\u00edvat sv\u00e9ho \u017eivota, ur\u010dit\u011b n\u011bkdy zatou\u017eil jet k mo\u0159i. N\u011bkdo si tohle kr\u00e1sn\u00e9 cestov\u00e1n\u00ed dop\u0159\u00e1v\u00e1 v\u00edce, n\u011bkdo zase m\u00e9n\u011b. V ka\u017ed\u00e9m p\u0159\u00edpad\u011b je cesta k mo\u0159i n\u011bco, co by m\u011bl za sv\u016fj \u017eivot zkusit ka\u017ed\u00fd \u010dlov\u011bk, a to nejenom ten, kter\u00fd \u017eije ve vnitrozem\u00ed. Stejn\u011b jako \u010cesko, i dal\u0161\u00ed zem\u011b, kter\u00e9 nemaj\u00ed p\u0159\u00edstup k mo\u0159i, se vyd\u00e1vaj\u00ed za mo\u0159em n\u011bkam jinam. My, jako \u010cesk\u00e1 republika, m\u00e1me mnoho mo\u017enost\u00ed, proto\u017ee \u017eijeme v samotn\u00e9m srdci Evropy a tak z\u00e1le\u017e\u00ed jenom na n\u00e1s, co se n\u00e1m zal\u00edb\u00ed. Je d\u016fle\u017eit\u00e9 si proto vybrat hezky a kvalitn\u011b, nebo\u0165 za dan\u00fd pobyt zaplat\u00edme \u010d\u00e1stku, kterou bychom mohli pou\u017e\u00edt i na n\u011bco jin\u00e9ho. Sta\u010d\u00ed si kvalitn\u011b vybrat Z\u00e1le\u017e\u00ed proto na v\u00e1s, zdali up\u0159ednostn\u00edte sp\u00ed\u0161e p\u0159\u00edrodu \u010di mo\u0159e. Kdy\u017e ale chcete oboj\u00ed, m\u016f\u017eete si b\u00fdt jisti, \u017ee t\u0159eba Chorvatsko v\u00e1m nab\u00eddne v\u0161e. P\u0159eci jen, t\u0159eba ostrov Krk nab\u00edz\u00ed opravdu kr\u00e1sn\u00e1 m\u00edsta a zaj\u00edmavou p\u0159\u00edrodu, kter\u00e1 se zna\u010dn\u011b li\u0161\u00ed od t\u00e9, kterou naleznete u n\u00e1s. Sta\u010d\u00ed si proto naj\u00edt kvalitn\u00ed ubytov\u00e1n\u00ed, dopravit se do t\u00e9to zem\u011b a tady ji\u017e najdete svou z\u00e1bavu a pot\u011b\u0161en\u00ed.                                                                                                                                                                                                                                                                                                                                                                                                "},{"@context":"https:\/\/schema.org\/","@type":"BreadcrumbList","itemListElement":[{"@type":"ListItem","position":1,"name":"Mo\u0159e, anebo p\u0159\u00edroda?","item":"https:\/\/www.agar.cz\/more-anebo-priroda\/#breadcrumbitem"}]}]