[{"@context":"https:\/\/schema.org\/","@type":"Article","@id":"https:\/\/www.agar.cz\/mam-rada-deti\/#Article","mainEntityOfPage":"https:\/\/www.agar.cz\/mam-rada-deti\/","headline":"M\u00e1m r\u00e1da d\u011bti","name":"M\u00e1m r\u00e1da d\u011bti","description":"Moje d\u011bti pro m\u011b znamenaj\u00ed cel\u00fd sv\u011bt. U\u017e bych necht\u011bla bez d\u011bt\u00ed b\u00fdt ani chvilku. Ale taky se v\u00e1m mus\u00edm<a href=\"https:\/\/www.agar.cz\/mam-rada-deti\/\" class=\"read-more\">Read More<i class=\"fa fa-long-arrow-right\" aria-hidden=\"true\"><\/i><\/a>","datePublished":"2022-04-22","dateModified":"2022-04-22","author":{"@type":"Person","@id":"https:\/\/www.agar.cz\/author\/#Person","name":"","url":"https:\/\/www.agar.cz\/author\/","identifier":1,"image":{"@type":"ImageObject","@id":"https:\/\/secure.gravatar.com\/avatar\/fa654ddfaa4b9f86b3cbb991001ccf40?s=96&d=mm&r=g","url":"https:\/\/secure.gravatar.com\/avatar\/fa654ddfaa4b9f86b3cbb991001ccf40?s=96&d=mm&r=g","height":96,"width":96}},"publisher":{"@type":"Organization","name":"agar.cz","logo":{"@type":"ImageObject","@id":"\/logo.png","url":"\/logo.png","width":600,"height":60}},"image":{"@type":"ImageObject","@id":"https:\/\/www.agar.cz\/wp-content\/uploads\/baby-4700142_640_2.jpg","url":"https:\/\/www.agar.cz\/wp-content\/uploads\/baby-4700142_640_2.jpg","height":0,"width":0},"url":"https:\/\/www.agar.cz\/mam-rada-deti\/","about":["D\u011bti"],"wordCount":447,"articleBody":"Moje d\u011bti pro m\u011b znamenaj\u00ed cel\u00fd sv\u011bt. U\u017e bych necht\u011bla bez d\u011bt\u00ed b\u00fdt ani chvilku. Ale taky se v\u00e1m mus\u00edm sv\u011b\u0159it s t\u00edm, \u017ee j\u00e1 jsem byla takov\u00e1 \u017eena, kter\u00e1 d\u011bti skoro nikdy necht\u011bla. A\u017e ve sv\u00fdch dvaceti osmi letech jsem porodila syna, ale taky tomu p\u0159edch\u00e1zelo docela dlouh\u00e9 rozhodov\u00e1n\u00ed. A mus\u00edm se p\u0159iznat, \u017ee jsem v\u016fbec nem\u011bla \u017e\u00e1dn\u00e9 mate\u0159sk\u00e9 city ani instinkty. V\u016fbec jsem nem\u011bla pot\u0159ebu b\u00fdt m\u00e1mou. Ale \u0159ekla jsem si, \u017ee samoz\u0159ejm\u011b asi n\u011bkdy v budoucnu d\u00edt\u011b cht\u00edt m\u00edt budu. J\u00e1 nev\u00edm jak vy, ale j\u00e1 bych si asi potom t\u0159eba v pades\u00e1ti letech vy\u010d\u00edtala, \u017ee jsem nem\u011bla \u017e\u00e1dn\u00e9 d\u00edt\u011b. Anebo d\u011bti. Tak jsem si \u0159ekla, \u017ee si n\u011bjak\u00e9 d\u00edt\u011b po\u0159\u00edd\u00edm. A taky se mus\u00edm p\u0159iznat s t\u00edm, \u017ee a\u017e do porodu jsem v\u016fbec nem\u011bla \u017e\u00e1dn\u00fd mate\u0159sk\u00fd pud nebo instinkt. V\u016fbec jsem si t\u011bhotenstv\u00ed neu\u017e\u00edvala, sp\u00ed\u0161e mi p\u0159ek\u00e1\u017eelo takov\u00e9 velk\u00e9 b\u0159icho a st\u00e1l\u00e9 nevolnosti, bylo to hrozn\u00e9, jenom\u017ee potom jsem \u0161la rodit c\u00edsa\u0159sk\u00fdm \u0159ezem. N\u011bco nebylo v t\u011bhotenstv\u00ed spr\u00e1vn\u00e9, tak\u017ee jsem pr\u00fd musela pod n\u016f\u017e, aby m\u016fj syn byl na sv\u011bt\u011b.A mus\u00edm v\u00e1m \u0159\u00edct, \u017ee kdy\u017e jsem se probrala z nark\u00f3zy a potom jsem uvid\u011bla sv\u00e9ho syna, tak n\u011bco se ve mn\u011b zlomilo. Bylo to mate\u0159sk\u00e1 l\u00e1ska na prvn\u00ed pohled. Vy si to v\u016fbec nedok\u00e1\u017eete p\u0159edstavit, ale b\u011bhem sekundy jsem poc\u00edtila takov\u00fd p\u0159\u00edval velk\u00e9 l\u00e1sky, kter\u00e1 se v\u016fbec ned\u00e1 popsat. Byla to neskute\u010dn\u00e1 mate\u0159sk\u00e1 l\u00e1ska, kterou c\u00edt\u00edm dote\u010f. Jsem se synem sama, jeho otec od n\u011bj ode\u0161el, kdy\u017e m\u011bl syn dva t\u00fddny, ale mn\u011b to nevad\u00ed.\u00a0 J\u00e1 se synem jsme opravdu skv\u011bl\u00e1 dvojka. A je\u0161t\u011b p\u0159i\u0161la potom na \u0159adu moje mlad\u0161\u00ed dcera. A jsem r\u00e1da, \u017ee m\u00e1m dv\u011b d\u011bti, kter\u00e9\u00a0pro\u00a0m\u011b znamenaj\u00ed opravdu cel\u00fd sv\u011bt. A v\u00e1\u017en\u011b jsem\u00a0nikdy\u00a0\u017e\u00e1dn\u00e9 d\u011bti\u00a0necht\u011bla, nebavilo m\u011b je ani vozit a\u00a0chovat\u00a0jin\u00e9 d\u011bti. Ale od t\u00e9 doby, co jsem m\u00e1ma jsme \u00fapln\u011b jin\u00e1. Mo\u017en\u00e1 byste to\u00a0tak m\u011bli\u00a0i vy. T\u0159eba d\u011bti nechcete v\u016fbec, ale j\u00e1\u00a0jsem\u00a0si \u0159ekla, \u017ee bych v\u00e1\u017en\u011b pak pozd\u011bji litovala. Ale je to ka\u017ed\u00e9ho rozhodnut\u00ed.                                                                                                                                                                                                                                                                                                                                                                                        3.5\/5 - (2 votes)        "},{"@context":"https:\/\/schema.org\/","@type":"BreadcrumbList","itemListElement":[{"@type":"ListItem","position":1,"name":"M\u00e1m r\u00e1da d\u011bti","item":"https:\/\/www.agar.cz\/mam-rada-deti\/#breadcrumbitem"}]}]