[{"@context":"https:\/\/schema.org\/","@type":"Article","@id":"https:\/\/www.agar.cz\/jak-mit-vkusny-dum-ci-byt\/#Article","mainEntityOfPage":"https:\/\/www.agar.cz\/jak-mit-vkusny-dum-ci-byt\/","headline":"Jak m\u00edt vkusn\u00fd d\u016fm \u010di byt","name":"Jak m\u00edt vkusn\u00fd d\u016fm \u010di byt","description":"V\u00edte o tom, \u017ee i vy m\u016f\u017eete m\u00edt kr\u00e1sn\u00fd interi\u00e9r, pokud po\u017e\u00e1d\u00e1te o pomoc toho spr\u00e1vn\u00e9ho \u010dlov\u011bka? N\u011bkte\u0159\u00ed lid\u00e9 um\u00ed<a href=\"https:\/\/www.agar.cz\/jak-mit-vkusny-dum-ci-byt\/\" class=\"read-more\">Read More<i class=\"fa fa-long-arrow-right\" aria-hidden=\"true\"><\/i><\/a>","datePublished":"2023-05-29","dateModified":"2023-06-29","author":{"@type":"Person","@id":"https:\/\/www.agar.cz\/author\/#Person","name":"","url":"https:\/\/www.agar.cz\/author\/","identifier":1,"image":{"@type":"ImageObject","@id":"https:\/\/secure.gravatar.com\/avatar\/fa654ddfaa4b9f86b3cbb991001ccf40?s=96&d=mm&r=g","url":"https:\/\/secure.gravatar.com\/avatar\/fa654ddfaa4b9f86b3cbb991001ccf40?s=96&d=mm&r=g","height":96,"width":96}},"publisher":{"@type":"Organization","name":"agar.cz","logo":{"@type":"ImageObject","@id":"\/logo.png","url":"\/logo.png","width":600,"height":60}},"image":{"@type":"ImageObject","@id":"https:\/\/www.agar.cz\/wp-content\/uploads\/faizur-rehman-pHPzdEHN6Os-unsplash.jpg","url":"https:\/\/www.agar.cz\/wp-content\/uploads\/faizur-rehman-pHPzdEHN6Os-unsplash.jpg","height":0,"width":0},"url":"https:\/\/www.agar.cz\/jak-mit-vkusny-dum-ci-byt\/","about":["Domov"],"wordCount":465,"articleBody":"   V\u00edte o tom, \u017ee i vy m\u016f\u017eete m\u00edt kr\u00e1sn\u00fd interi\u00e9r, pokud po\u017e\u00e1d\u00e1te o pomoc toho spr\u00e1vn\u00e9ho \u010dlov\u011bka? N\u011bkte\u0159\u00ed lid\u00e9 um\u00ed sami od sebe kombinovat v\u011bci, kter\u00e9 se k sob\u011b jednodu\u0161e hod\u00ed, proto\u017ee rozum\u00ed r\u016fzn\u00fdm teori\u00edm barev a podobn\u011b, proto\u017ee jde samoz\u0159ejm\u011b i o barvy, dokonce jde i o materi\u00e1l a o v\u0161echny vlastnosti, kter\u00e9 v\u011bci maj\u00ed. M\u016f\u017ee se jednat o n\u00e1bytek, m\u016f\u017ee se jednat o dekorace, ale i o schodi\u0161t\u011b a podobn\u011b. V\u0161e je t\u0159eba po\u0159\u00e1dn\u011b promyslet, jestli se to do interi\u00e9ru bude hodit a pokud m\u00e1te n\u011bjakou v\u011bc v interi\u00e9ru napevno, tak tu byste m\u011bli opravdu dlouho rozm\u00fd\u0161let, proto\u017ee ta u\u017e se samoz\u0159ejm\u011b jen tak odstranit ned\u00e1. Nen\u00ed to nic nemo\u017en\u00e9ho, ale nelze ji vym\u011bnit kdykoliv v\u00e1m p\u0159ijde, \u017ee se tam nehod\u00ed a p\u0159estane se v\u00e1m l\u00edbit. Takhle to prost\u011b nefunguje. To ale v\u0161ichni v\u00edte. Cel\u00fd interi\u00e9r by m\u011bl hr\u00e1t v\u0161\u00edm, co vy osobn\u011b m\u00e1te r\u00e1di a m\u011bli byste p\u0159estat p\u0159em\u00fd\u0161let nad n\u011b\u010d\u00edm, co se v\u00e1m osobn\u011b t\u0159eba nel\u00edb\u00ed a o \u010dem si mysl\u00edte, \u017ee se v\u00e1m to do interi\u00e9ru nehod\u00ed. Pokud nem\u00e1te r\u00e1di t\u0159eba kovov\u00e9 p\u0159edm\u011bty, tak je nepou\u017e\u00edvejte, i kdy\u017e jsou modern\u00ed. Pokud se v\u00e1m nel\u00edb\u00ed, najd\u011bte si jednodu\u0161e n\u011bco jin\u00e9ho, bude to pro v\u00e1s lep\u0161\u00ed, proto\u017ee d\u016fle\u017eit\u00e9 je, \u017ee se vy osobn\u011b vevnit\u0159 c\u00edt\u00edte dob\u0159e, na nikom jin\u00e9m nez\u00e1le\u017e\u00ed. Pokud je to v\u00e1\u0161 d\u016fm nebo byt, myslete jen na sebe a na to, co se l\u00edb\u00ed v\u00e1m. Je to velmi jednoduch\u00e9.Pomoci v\u00e1m ale samoz\u0159ejm\u011b za n\u011bjakou cenu m\u016f\u017ee tak\u00e9 interi\u00e9rov\u00fd designer z Prahy, kter\u00fd se na v\u0161e d\u00edv\u00e1 sv\u00fdma profesion\u00e1ln\u00edma o\u010dima a zn\u00e1, co je asi tak modern\u00ed a co k sob\u011b lad\u00ed. Dok\u00e1\u017ee v\u0161e zkombinovat, a dokonce v\u00e1m poradit, co byste m\u011bli ve va\u0161em byt\u011b vy\u0161vihnout, proto\u017ee on tomu opravdu rozum\u00ed, je to odborn\u00edk. Samoz\u0159ejm\u011b budete muset n\u011bco zaplatit, ale zase m\u00e1te jasno v tom, \u017ee ud\u011bl\u00e1 svou pr\u00e1ci dob\u0159e a budete se v interi\u00e9ru c\u00edtit dob\u0159e. Takov\u00fd designer prost\u011b v\u00ed, co a kam um\u00edstit, aby v\u0161echno k sob\u011b dokonale padlo. Ned\u011bl\u00e1 mu to \u017e\u00e1dn\u00fd probl\u00e9m, proto\u017ee v\u00ed, jak pracovat se sv\u011btlem a podobn\u011b.                                                                                                                                                                                                                                                                                                                                                                                           3.6\/5 - (9 votes)        "},{"@context":"https:\/\/schema.org\/","@type":"BreadcrumbList","itemListElement":[{"@type":"ListItem","position":1,"name":"Jak m\u00edt vkusn\u00fd d\u016fm \u010di byt","item":"https:\/\/www.agar.cz\/jak-mit-vkusny-dum-ci-byt\/#breadcrumbitem"}]}]