[{"@context":"https:\/\/schema.org\/","@type":"Article","@id":"https:\/\/www.agar.cz\/fotograf-opava\/#Article","mainEntityOfPage":"https:\/\/www.agar.cz\/fotograf-opava\/","headline":"Fotograf Opava","name":"Fotograf Opava","description":"Focen\u00ed je v\u00e1\u0161e\u0148. A to nejen pro samotn\u00e9 fotografy, ale tak\u00e9 pro rodiny, p\u00e1ry, skupinky nebo jednotlivce, kte\u0159\u00ed si cht\u011bj\u00ed<a href=\"https:\/\/www.agar.cz\/fotograf-opava\/\" class=\"read-more\">Read More<i class=\"fa fa-long-arrow-right\" aria-hidden=\"true\"><\/i><\/a>","datePublished":"2021-09-05","dateModified":"2021-09-05","author":{"@type":"Person","@id":"https:\/\/www.agar.cz\/author\/#Person","name":"","url":"https:\/\/www.agar.cz\/author\/","identifier":1,"image":{"@type":"ImageObject","@id":"https:\/\/secure.gravatar.com\/avatar\/fa654ddfaa4b9f86b3cbb991001ccf40?s=96&d=mm&r=g","url":"https:\/\/secure.gravatar.com\/avatar\/fa654ddfaa4b9f86b3cbb991001ccf40?s=96&d=mm&r=g","height":96,"width":96}},"publisher":{"@type":"Organization","name":"agar.cz","logo":{"@type":"ImageObject","@id":"\/logo.png","url":"\/logo.png","width":600,"height":60}},"image":{"@type":"ImageObject","@id":"https:\/\/www.agar.cz\/wp-content\/uploads\/camera-g028efb270_640.jpg","url":"https:\/\/www.agar.cz\/wp-content\/uploads\/camera-g028efb270_640.jpg","height":0,"width":0},"url":"https:\/\/www.agar.cz\/fotograf-opava\/","about":["V\u00fdrobky"],"wordCount":416,"articleBody":"   Focen\u00ed je v\u00e1\u0161e\u0148. A to nejen pro samotn\u00e9 fotografy, ale tak\u00e9 pro rodiny, p\u00e1ry, skupinky nebo jednotlivce, kte\u0159\u00ed si cht\u011bj\u00ed nechat pam\u00e1tku na cel\u00fd \u017eivot. \u010cas b\u011b\u017e\u00ed, lid\u00e9 st\u00e1rnou a mnohdy zapom\u00ednaj\u00ed, k\u00fdm byli, kdy\u017e byli mlad\u0161\u00ed. Jak\u00e9 m\u011bli ide\u00e1ly, sny a p\u0159\u00e1n\u00ed. Po \u010dem v \u017eivot\u011b tou\u017eili a co pro n\u011b bylo podstatn\u00e9. S pomoc\u00ed fotografi\u00ed se m\u016f\u017eete vr\u00e1tit do minulosti a konfrontovat se s va\u0161\u00edm mlad\u0161\u00edm j\u00e1. M\u016f\u017eete tak\u00e9 zavzpom\u00ednat na star\u00e9 p\u0159\u00e1tele, d\u00e1vnou l\u00e1sku \u010di na bl\u00edzk\u00e9, kte\u0159\u00ed u\u017e nemohou b\u00fdt s v\u00e1mi. Fotografie jsou nav\u017edy, stejn\u011b jako na\u0161e city a vzpom\u00ednky. Poj\u010fte vzpom\u00ednk\u00e1m naproti a nechte se un\u00e1\u0161et na vln\u011b melancholie. Jste z Opavy \u010di bl\u00edzk\u00e9ho okol\u00ed? A kdo se v\u00e1m vybav\u00ed, kdy\u017e usly\u0161\u00edte slovn\u00ed spojen\u00ed fotograf Opava? Jist\u011b skv\u011bl\u00fd fotograf a profesion\u00e1l ve sv\u00e9m oboru Jan Vl\u010dek. Jeho jedine\u010dn\u00fd pohled na sv\u011bt, kter\u00fd skrz fotoapar\u00e1t spolu s v\u00e1mi p\u0159enese na fotografii, v\u00e1m vezme dech. A \u0159\u00edk\u00e1te si, kdy by bylo nejvhodn\u011bj\u0161\u00ed se nechat vyfotografovat? Kdykoliv. A\u0165 u\u017e je jaro, l\u00e9to, podzim nebo zima, v\u017edy je to spr\u00e1vn\u00e9 obdob\u00ed pro zv\u011b\u010dn\u011bn\u00ed se. Ka\u017ed\u00e1 ro\u010dn\u00ed doba je kr\u00e1sn\u00e1 a ka\u017ed\u00e1 p\u0159in\u00e1\u0161\u00ed jin\u00e9 mo\u017enosti. Fotograf Jan Vl\u010dek se specializuje na um\u011bleck\u00e9 zachycen\u00ed va\u0161eho svatebn\u00edho dne, d\u011bt\u00ed a rodiny, t\u011bhotensk\u00e9ho i novorozeneck\u00e9ho focen\u00ed. Dalo by se \u0159\u00edci, \u017ee v\u00e1s provede v\u0161emi va\u0161imi \u017eivotn\u00edmi miln\u00edky. Svatba, t\u011bhotenstv\u00ed, miminko, d\u011bti a rodina. U v\u0161eho bude s v\u00e1mi a zanech\u00e1 v\u00e1m ty nejkr\u00e1sn\u011bj\u0161\u00ed vzpom\u00ednky. Nejvz\u00e1cn\u011bj\u0161\u00ed na sv\u011bt\u011b nejsou pen\u00edze, drah\u00e9 kameny \u010di \u0161perky. Nejvz\u00e1cn\u011bj\u0161\u00ed je \u017eivot s\u00e1m, z\u00e1\u017eitky spojen\u00e9 s p\u0159\u00edjemn\u00fdmi v\u011bcmi a \u0161\u0165astn\u00fdmi chv\u00edlemi. Po letech nebudete vzpom\u00ednat na to, kolik st\u00e1lo nov\u00e9 auto. Budete hledat v pam\u011bti podobu va\u0161eho nejlep\u0161\u00edho p\u0159\u00edtele, va\u0161\u00ed babi\u010dky, va\u0161ich sotva narozen\u00fdch d\u011bt\u00ed. O tom je \u017eivot. Abychom m\u011bli na star\u00e1 kolena na co vzpom\u00ednat a m\u00edt p\u0159itom \u00fasm\u011bv na tv\u00e1\u0159i. K tomu v\u00e1m dopomohou fotografie od Jana Vl\u010dka z Opavy.                                                                                                                                                                                                                                                                                                                                                                                         3.5\/5 - (2 votes)        "},{"@context":"https:\/\/schema.org\/","@type":"BreadcrumbList","itemListElement":[{"@type":"ListItem","position":1,"name":"Fotograf Opava","item":"https:\/\/www.agar.cz\/fotograf-opava\/#breadcrumbitem"}]}]