[{"@context":"https:\/\/schema.org\/","@type":"Article","@id":"https:\/\/www.agar.cz\/domov-u-partnera\/#Article","mainEntityOfPage":"https:\/\/www.agar.cz\/domov-u-partnera\/","headline":"Domov u partnera","name":"Domov u partnera","description":"Domov, sladk\u00fd domov. Mysl\u00edm si, \u017ee mnoho lid\u00ed chce m\u00edt takov\u00fd domov, kde se c\u00edt\u00ed opravdu nejl\u00e9pe a kde je<a href=\"https:\/\/www.agar.cz\/domov-u-partnera\/\" class=\"read-more\">Read More<i class=\"fa fa-long-arrow-right\" aria-hidden=\"true\"><\/i><\/a>","datePublished":"2024-09-30","dateModified":"2024-09-30","author":{"@type":"Person","@id":"https:\/\/www.agar.cz\/author\/#Person","name":"","url":"https:\/\/www.agar.cz\/author\/","identifier":1,"image":{"@type":"ImageObject","@id":"https:\/\/secure.gravatar.com\/avatar\/fa654ddfaa4b9f86b3cbb991001ccf40?s=96&d=mm&r=g","url":"https:\/\/secure.gravatar.com\/avatar\/fa654ddfaa4b9f86b3cbb991001ccf40?s=96&d=mm&r=g","height":96,"width":96}},"publisher":{"@type":"Organization","name":"agar.cz","logo":{"@type":"ImageObject","@id":"\/logo.png","url":"\/logo.png","width":600,"height":60}},"image":{"@type":"ImageObject","@id":"https:\/\/www.agar.cz\/wp-content\/uploads\/living-room-2732939_960_720_1.jpg","url":"https:\/\/www.agar.cz\/wp-content\/uploads\/living-room-2732939_960_720_1.jpg","height":0,"width":0},"url":"https:\/\/www.agar.cz\/domov-u-partnera\/","about":["Domov"],"wordCount":451,"articleBody":"Domov, sladk\u00fd domov. Mysl\u00edm si, \u017ee mnoho lid\u00ed chce m\u00edt takov\u00fd domov, kde se c\u00edt\u00ed opravdu nejl\u00e9pe a kde je tak\u00e9 domov v bezpe\u010d\u00ed.\u00a0Proto\u017ee kdybyste m\u011bli n\u011bjak\u00fd domov, kde se nec\u00edt\u00edte v bezpe\u010d\u00ed a kde je t\u0159eba nepo\u0159\u00e1dek a nel\u00edbilo by se v\u00e1m tam, tak asi podle m\u00e9ho n\u00e1zoru budete velice ne\u0161\u0165astn\u00ed. A kdy\u017e jste ne\u0161\u0165astn\u00ed, tak je to podle m\u00e9ho n\u00e1zoru opravdu velik\u00e1 \u0161koda. A ka\u017ed\u00fd \u010dlov\u011bk by m\u011bl b\u00fdt \u0161\u0165astn\u00fd. A\u00a0ka\u017ed\u00fd \u010dlov\u011bk by m\u011bl b\u00fdt hlavn\u011b \u0161\u0165astn\u00fd tam, kde \u017eije anebo kde chce \u017e\u00edt. Zn\u00e1m kamar\u00e1dku, kter\u00e1 pr\u00e1v\u011b se p\u0159est\u011bhovala do \u00fapln\u011b jin\u00e9ho m\u011bsta, a to za sv\u00fdm partnerem, proto\u017ee jej\u00ed partner m\u011bl v Praze opravdu skv\u011bl\u00e9 zam\u011bstn\u00e1n\u00ed, kde bral opravdu hodn\u011b nadstandardn\u00ed plat.Kamar\u00e1dka pr\u00e1v\u011b bydlela asi sto kilometr\u016f\u00a0daleko od n\u011bj,\u00a0a tak si \u0159ekli, \u017ee ona se nast\u011bhuje k n\u011bmu. Nav\u00edc tak\u00e9 mu ona vyhov\u011bla \u0159ekla, \u017ee klidn\u011b zm\u011bn\u00ed domov jenom kv\u016fli tomu, aby byla se svou l\u00e1skou, se sv\u00fdm partnerem. Byla jsem opravdu r\u00e1da, \u017ee kamar\u00e1dce to takhle klapalo. Jenom\u017ee pozd\u011bji, kdy\u017e zjistila, \u017ee jej\u00ed partner je st\u00e1le v pr\u00e1ci, t\u0159eba klidn\u011b i patn\u00e1ct\u00a0hodin denn\u011b, tak ona z toho byla velice ne\u0161\u0165astn\u00e1. A potom, kdy\u017e se jim narodilo d\u00edt\u011b, tak jej\u00ed partner u\u017e t\u00e9m\u011b\u0159 o ni nem\u011bl \u017e\u00e1dn\u00fd z\u00e1jem. Podle m\u00e9ho n\u00e1zoru to vypadalo, \u017ee on vlastn\u011b cht\u011bl jenom sv\u00e9ho d\u011bdice, on cht\u011bl jenom d\u00edt\u011b, proto\u017ee ona \u0159\u00edkala, \u017ee se v\u011bnoval\u00a0st\u00e1le jenom d\u00edt\u011bti, ale \u017ee pr\u00fd\u00a0na mou kamar\u00e1dku \u00fapln\u011b ka\u0161lal. Bylo mi to opravdu hodn\u011b l\u00edto, proto\u017ee j\u00e1 jsem se tak\u00e9 potom c\u00edtila tro\u0161i\u010dku vinn\u00e1, proto\u017ee jsem kamar\u00e1dce \u0159\u00edkala, a\u0165 se tam p\u0159est\u011bhuje, \u017ee kdy\u017e m\u00e1 opravdu dob\u0159e zaji\u0161t\u011bn\u00e9ho partnera a kr\u00e1sn\u00fd domov, \u017ee klidn\u011b jim to bude ur\u010dit\u011b moc klapat. Kamar\u00e1dka \u0159ekla, \u017ee d\u00e1 na m\u011b, proto\u017ee \u0159\u00edkala, \u017ee m\u00e1m v\u017edycky pravdu. A nyn\u00ed m\u011b to opravdu moc mrz\u00ed a nev\u00edm, jak bych to kamar\u00e1dce\u00a0vynahradila. Je to u\u017e n\u011bkolik let, ale kamar\u00e1dka se s n\u00edm\u00a0nakonec\u00a0ode\u0161la a u\u017e bydl\u00ed zp\u00e1tky tady vedle m\u011b. V\u00a0jin\u00e9m dom\u011b. Jsme op\u011bt nejlep\u0161\u00ed kamar\u00e1dky. A moje kamar\u00e1dka m\u00e1 kr\u00e1sn\u00fd domov.\u00a0                                                                                                                                                                                                                                                                                                                                                                                        4.4\/5 - (14 votes)        "},{"@context":"https:\/\/schema.org\/","@type":"BreadcrumbList","itemListElement":[{"@type":"ListItem","position":1,"name":"Domov u partnera","item":"https:\/\/www.agar.cz\/domov-u-partnera\/#breadcrumbitem"}]}]