[{"@context":"https:\/\/schema.org\/","@type":"Article","@id":"https:\/\/www.agar.cz\/deti-ve-veku-ctvrteho-mesice\/#Article","mainEntityOfPage":"https:\/\/www.agar.cz\/deti-ve-veku-ctvrteho-mesice\/","headline":"D\u011bti ve v\u011bku \u010dtvrt\u00e9ho m\u011bs\u00edce","name":"D\u011bti ve v\u011bku \u010dtvrt\u00e9ho m\u011bs\u00edce","description":"Va\u0161i miminko u\u017e um\u00ed krom\u011b hlavi\u010dky ovl\u00e1dat i sv\u00e1 z\u00e1da. Postupn\u011b za\u010d\u00edn\u00e1 objevovat sv\u011bt a vn\u00edmat ciz\u00ed osoby. Miminku se<a href=\"https:\/\/www.agar.cz\/deti-ve-veku-ctvrteho-mesice\/\" class=\"read-more\">Read More<i class=\"fa fa-long-arrow-right\" aria-hidden=\"true\"><\/i><\/a>","datePublished":"2022-06-09","dateModified":"2022-06-09","author":{"@type":"Person","@id":"https:\/\/www.agar.cz\/author\/#Person","name":"","url":"https:\/\/www.agar.cz\/author\/","identifier":1,"image":{"@type":"ImageObject","@id":"https:\/\/secure.gravatar.com\/avatar\/fa654ddfaa4b9f86b3cbb991001ccf40?s=96&d=mm&r=g","url":"https:\/\/secure.gravatar.com\/avatar\/fa654ddfaa4b9f86b3cbb991001ccf40?s=96&d=mm&r=g","height":96,"width":96}},"publisher":{"@type":"Organization","name":"agar.cz","logo":{"@type":"ImageObject","@id":"\/logo.png","url":"\/logo.png","width":600,"height":60}},"image":{"@type":"ImageObject","@id":"https:\/\/www.agar.cz\/wp-content\/uploads\/sta%C5%BEen%C3%BD%20soubor%20(3)_3.jpg","url":"https:\/\/www.agar.cz\/wp-content\/uploads\/sta%C5%BEen%C3%BD%20soubor%20(3)_3.jpg","height":0,"width":0},"url":"https:\/\/www.agar.cz\/deti-ve-veku-ctvrteho-mesice\/","about":["D\u011bti"],"wordCount":435,"articleBody":"Va\u0161i miminko u\u017e um\u00ed krom\u011b hlavi\u010dky ovl\u00e1dat i sv\u00e1 z\u00e1da. Postupn\u011b za\u010d\u00edn\u00e1 objevovat sv\u011bt a vn\u00edmat ciz\u00ed osoby. Miminku se u ciz\u00edch lid\u00ed nemus\u00ed l\u00edbit a maminka by ho nem\u011bla tr\u00e1pit pobytem u nich. V tomto obdob\u00ed miminko za\u010d\u00edn\u00e1 objevovat sv\u011bt sv\u00fdmi \u00fasty. V\u0161echny v\u011bci, kter\u00e9 d\u00edt\u011b objev\u00ed, mohou skon\u010dit v \u00fastech, a\u0165 u\u017e se jedn\u00e1 o \u010d\u00e1sti t\u011bla, hra\u010dky, oble\u010den\u00ed nebo cokoliv jin\u00e9ho, co nalezne. Proto byste z dosahu d\u011bt\u00ed m\u011bly odstranit v\u0161e, co m\u016f\u017ee b\u00fdt d\u00edt\u011bti nebezpe\u010dn\u00e9 a mohlo by spolknout. M\u016f\u017ee se mu tak\u00e9 v\u00edce zamlouvat dudl\u00edk, kter\u00fd by nem\u011bl m\u00edt v puse cel\u00fd den. Je d\u016fle\u017eit\u00e9, aby ho maminka vyndala, aby d\u00edt\u011b m\u011blo prostor zkoumat sv\u011bt. Tak\u00e9 si za\u010dne p\u0159itahovat v\u0161echna v\u011bci, kter\u00e9 mu budou nabl\u00edzku. Dok\u00e1\u017e\u00ed se tak\u00e9 p\u0159it\u00e1hnout ru\u010di\u010dkama do sedu, ale sed\u011bt samo nezvl\u00e1dne. Nen\u00ed ani dobr\u00e9ho v tom podporovat, mohl by si toti\u017e zni\u010dit p\u00e1te\u0159. A\u017e bude miminko dostate\u010dn\u011b vyvinut\u00e9, nau\u010d\u00ed se sed\u011bt\u00a0samo.\u00a0Zm\u011bna se m\u016f\u017ee t\u00fdkat tak\u00e9 vzhledu. Zm\u011bnou mohou proj\u00edt o\u010di, kter\u00e9 se z tmav\u011b modr\u00e9 Mohou zbarvovat do barvy, kter\u00e1 mu z\u016fstane. Ale modr\u00e9 tak\u00e9 mohou z\u016fstat natrvalo. Zm\u011bnu m\u016f\u017eete poznat i na vl\u00e1sk\u00e1ch. P\u016fvodn\u00ed, kter\u00e9 m\u00e1 od narozen\u00ed, mohou postupn\u011b vypad\u00e1vat a r\u016fst vl\u00e1sky nov\u00e9.\u00a0V tomto v\u011bku je mo\u017en\u00e9 za\u010d\u00edt pomalu s p\u0159\u00edkrmy. Jedn\u00e1 se o p\u0159\u00edkrmy zeleninov\u00e9 \u010di ovocn\u00e9. Miminko je je\u0161t\u011b st\u00e1le mal\u00e9 a nezvl\u00e1dne sn\u00edst velkou porci. Ale ochutn\u00e1v\u00e1n\u00ed je v tomto v\u011bku d\u016fle\u017eit\u00e9. M\u016f\u017eete mu zkusit d\u00e1t 2 a\u017e 3 l\u017ei\u010dky p\u0159\u00edkrmu a uvid\u00edte, jak se miminko bude tv\u00e1\u0159it. M\u011bli byste si tedy do sv\u00e9 v\u00fdbavi\u010dky po\u0159\u00eddit nez\u00e1vadnou plastovou l\u017ei\u010dku, misti\u010dku nebo tal\u00ed\u0159ek, tak\u00e9 brynd\u00e1k, aby d\u00edt\u011b neza\u0161pinilo sv\u00e9 oble\u010den\u00ed. Zakoupit tak\u00e9 m\u016f\u017eete leh\u00e1tka, ve kter\u00e9m d\u00edt\u011b bude le\u017eet,\u00a0abyste ho mohli l\u00e9pe nakrmit.\u00a0Miminko nen\u00ed zvykl\u00e9 b\u00fdt samo a m\u00e1 r\u00e1do spole\u010dnost. M\u016f\u017ee si ji vynucovat pl\u00e1\u010dem. Tak\u00e9 ho m\u016f\u017eete nachytat u toho, jak si brouk\u00e1 a pov\u00edd\u00e1. Dok\u00e1\u017ee ovl\u00e1dat svou hlasitost a t\u00f3n. \u00a0                                                                                                                                                                                                                                                                                                                                                                                        4.2\/5 - (8 votes)        "},{"@context":"https:\/\/schema.org\/","@type":"BreadcrumbList","itemListElement":[{"@type":"ListItem","position":1,"name":"D\u011bti ve v\u011bku \u010dtvrt\u00e9ho m\u011bs\u00edce","item":"https:\/\/www.agar.cz\/deti-ve-veku-ctvrteho-mesice\/#breadcrumbitem"}]}]