[{"@context":"https:\/\/schema.org\/","@type":"Article","@id":"https:\/\/www.agar.cz\/cestovani-plne-vyhod\/#Article","mainEntityOfPage":"https:\/\/www.agar.cz\/cestovani-plne-vyhod\/","headline":"Cestov\u00e1n\u00ed pln\u00e9 v\u00fdhod","name":"Cestov\u00e1n\u00ed pln\u00e9 v\u00fdhod","description":"Ka\u017ed\u00e1 druh\u00e1 dom\u00e1cnost vlastn\u00ed minim\u00e1ln\u011b dva automobily, lid\u00e9 je v\u011bt\u0161inou pou\u017e\u00edvaj\u00ed jako dopravu do pr\u00e1ce, do \u0161koly, voz\u00ed d\u011bti na<a href=\"https:\/\/www.agar.cz\/cestovani-plne-vyhod\/\" class=\"read-more\">Read More<i class=\"fa fa-long-arrow-right\" aria-hidden=\"true\"><\/i><\/a>","datePublished":"2025-03-20","dateModified":"2025-03-20","author":{"@type":"Person","@id":"https:\/\/www.agar.cz\/author\/#Person","name":"","url":"https:\/\/www.agar.cz\/author\/","identifier":1,"image":{"@type":"ImageObject","@id":"https:\/\/secure.gravatar.com\/avatar\/fa654ddfaa4b9f86b3cbb991001ccf40?s=96&d=mm&r=g","url":"https:\/\/secure.gravatar.com\/avatar\/fa654ddfaa4b9f86b3cbb991001ccf40?s=96&d=mm&r=g","height":96,"width":96}},"publisher":{"@type":"Organization","name":"agar.cz","logo":{"@type":"ImageObject","@id":"\/logo.png","url":"\/logo.png","width":600,"height":60}},"image":{"@type":"ImageObject","@id":"https:\/\/www.agar.cz\/wp-content\/uploads\/img_a303270_w2289_t1513579208.jpg","url":"https:\/\/www.agar.cz\/wp-content\/uploads\/img_a303270_w2289_t1513579208.jpg","height":0,"width":0},"url":"https:\/\/www.agar.cz\/cestovani-plne-vyhod\/","wordCount":500,"articleBody":"Ka\u017ed\u00e1 druh\u00e1 dom\u00e1cnost vlastn\u00ed minim\u00e1ln\u011b dva automobily, lid\u00e9 je v\u011bt\u0161inou pou\u017e\u00edvaj\u00ed jako dopravu do pr\u00e1ce, do \u0161koly, voz\u00ed d\u011bti na krou\u017eky, jezd\u00ed na n\u00e1kupy a v neposledn\u00ed \u0159ad\u011b podnikaj\u00ed r\u016fzn\u00e9 rodinn\u00e9 v\u00fdlety \u010di jezd\u00ed sv\u00fdm vozem na dovolenou, dokonce i do zahrani\u010d\u00ed. Mo\u0159e lid\u00ed ani automobil nepot\u0159ebuje vysta\u010d\u00ed si s m\u011bstskou ve\u0159ejnou dopravou, pou\u017e\u00edvaj\u00ed d\u00e1lkov\u00e9 autobusy, r\u016fzn\u00e9 spoluj\u00edzdy, kde se mimochodem sezn\u00e1m\u00ed s dal\u0161\u00edmi lidmi nebo tak\u00e9 jezd\u00ed hodn\u011b na cyklistick\u00e9m kole \u010di vlakem. M\u011bstskou ve\u0159ejnou dopravou se v z\u00e1sad\u011b dostanete ve m\u011bstech do jejich centra i do odlehlej\u0161\u00edch m\u00edst, ano nem\u016f\u017eete jet, kdy se V\u00e1m to zl\u00edb\u00ed, ale v\u011bt\u0161ina MHD jezd\u00ed v kr\u00e1tk\u00fdch \u010dasov\u00fdch intervalech \u010di doch\u00e1zkov\u00e1 vzd\u00e1lenost ve m\u011bstech nen\u00ed tak dlouh\u00e1. Autobusy jezd\u00ed z m\u011bst do m\u011bst n\u011bkolikr\u00e1t za den a kdy\u017e se zrovna stane, \u017ee \u017e\u00e1dn\u00fd nejede tak ur\u010dit\u011b po kr\u00e1tk\u00e9m hled\u00e1n\u00ed nalezneme na internetov\u00fdch port\u00e1lech \u010di ve skupin\u00e1ch na soci\u00e1ln\u00edch s\u00edt\u00edch n\u011bjak\u00e9 spoluj\u00edzdy, spoluj\u00edzdy se n\u00e1m vyplat\u00ed jak finan\u010dn\u011b, tak \u010dasov\u011b. V\u011bt\u0161ina \u0159idi\u010d\u016f po\u017eaduje za cestu stejn\u011b \u010di dokonce m\u00e9n\u011b pen\u011bz, ne\u017e kter\u00e9 bychom dali za cestu autobusem \u010di vlakem. Na kole se m\u016f\u017eeme p\u0159emis\u0165ovat hlavn\u011b v teplej\u0161\u00edch m\u011bs\u00edc\u00edch, a ne na tak dlouh\u00e9 vzd\u00e1lenosti, podle toho, jak jsme vytrval\u00fd a tr\u00e9novan\u00fd. Hodn\u011b lid\u00ed preferuj\u00ed p\u0159ed autobusy sp\u00ed\u0161e vlaky a r\u016fzn\u00e9 vlakov\u00e9 spoje, to jak na vnitrost\u00e1tn\u00ed j\u00edzdy, tak i na j\u00edzdy do zahrani\u010d\u00ed. Ka\u017ed\u00fd si ur\u010dit\u011b p\u0159edstav\u00ed pomal\u00fd osobn\u00ed vlak a \u0159ekne si co na tom m\u016f\u017ee b\u00fdt lep\u0161\u00ed ne\u017e osobn\u00ed automobil \u010di luxusn\u00ed autobus s obrazovkou. Ale ve vlaku najdeme spoustu v\u00fdhod , na del\u0161\u00ed j\u00edzdy \u010di na cesty do zahrani\u010d\u00ed si m\u016f\u017eeme objednat j\u00edzdenku ve speci\u00e1ln\u00edm l\u016f\u017ekov\u00e9m voze a v\u011bt\u0161inou b\u00fdv\u00e1 sou\u010d\u00e1st\u00ed takov\u00e9to vlakov\u00e9 soupravy i j\u00eddeln\u00ed v\u016fz. Mezi dal\u0161\u00ed pozitiva bych za\u0159adila v\u00edce m\u00edsta, mo\u017enost doj\u00edt si na WC, kdy\u017e jedeme dlouhou cestu tak se m\u016f\u017eeme pohodln\u011b proj\u00edt a rozh\u00fdbat. Nyn\u00ed vlaky nab\u00edzej\u00ed i mo\u017enost dob\u00edt si sv\u016fj mobiln\u00ed telefon \u010di laptop a v\u011bt\u0161ina voz\u016f nab\u00edz\u00ed mo\u017enost p\u0159ipojit se k Wi-Fi. Pro na\u0161i zemi, ale i pro V\u00e1s je lep\u0161\u00ed vyu\u017e\u00edvat m\u011bstskou hromadnou dopravu, vlaky a autobusy. Do vozidla se vejde v\u00edce lid\u00ed t\u00edm p\u00e1dem se tolik nezne\u010di\u0161\u0165uje prost\u0159ed\u00ed a ur\u010dit\u011b tak\u00e9 u\u0161et\u0159\u00edte dost financ\u00ed oproti tomu, kdy\u017e se vyd\u00e1te jen sami autem p\u0159es p\u016fl zem\u011b.                                                                                                                                                                                                                                                                                                                                                                                        4.3\/5 - (10 votes)        "},{"@context":"https:\/\/schema.org\/","@type":"BreadcrumbList","itemListElement":[{"@type":"ListItem","position":1,"name":"Cestov\u00e1n\u00ed pln\u00e9 v\u00fdhod","item":"https:\/\/www.agar.cz\/cestovani-plne-vyhod\/#breadcrumbitem"}]}]