[{"@context":"https:\/\/schema.org\/","@type":"Article","@id":"https:\/\/www.agar.cz\/autopujcovna-pronajima-i-mikrobusy\/#Article","mainEntityOfPage":"https:\/\/www.agar.cz\/autopujcovna-pronajima-i-mikrobusy\/","headline":"Autop\u016fj\u010dovna pronaj\u00edm\u00e1 i mikrobusy","name":"Autop\u016fj\u010dovna pronaj\u00edm\u00e1 i mikrobusy","description":"M\u00e1te p\u0159\u00e1tele v zahrani\u010d\u00ed, kte\u0159\u00ed na\u0161i zemi p\u0159ehl\u00e9dli jen z ok\u00e9nka vlakov\u00e9ho rychl\u00edku, anebo se o n\u00ed dozv\u00eddali z reklamn\u00edch<a href=\"https:\/\/www.agar.cz\/autopujcovna-pronajima-i-mikrobusy\/\" class=\"read-more\">Read More<i class=\"fa fa-long-arrow-right\" aria-hidden=\"true\"><\/i><\/a>","datePublished":"2023-01-28","dateModified":"2023-01-28","author":{"@type":"Person","@id":"https:\/\/www.agar.cz\/author\/#Person","name":"","url":"https:\/\/www.agar.cz\/author\/","identifier":1,"image":{"@type":"ImageObject","@id":"https:\/\/secure.gravatar.com\/avatar\/fa654ddfaa4b9f86b3cbb991001ccf40?s=96&d=mm&r=g","url":"https:\/\/secure.gravatar.com\/avatar\/fa654ddfaa4b9f86b3cbb991001ccf40?s=96&d=mm&r=g","height":96,"width":96}},"publisher":{"@type":"Organization","name":"agar.cz","logo":{"@type":"ImageObject","@id":"\/logo.png","url":"\/logo.png","width":600,"height":60}},"image":{"@type":"ImageObject","@id":"https:\/\/www.agar.cz\/wp-content\/uploads\/road-gd9cfc0ad7_640.jpg","url":"https:\/\/www.agar.cz\/wp-content\/uploads\/road-gd9cfc0ad7_640.jpg","height":0,"width":0},"url":"https:\/\/www.agar.cz\/autopujcovna-pronajima-i-mikrobusy\/","about":["Slu\u017eby"],"wordCount":396,"articleBody":"       M\u00e1te p\u0159\u00e1tele v zahrani\u010d\u00ed, kte\u0159\u00ed na\u0161i zemi p\u0159ehl\u00e9dli jen z ok\u00e9nka vlakov\u00e9ho rychl\u00edku, anebo se o n\u00ed dozv\u00eddali z reklamn\u00edch prospekt\u016f cestovn\u00edch kancel\u00e1\u0159\u00ed, p\u0159itom tu ve skute\u010dnosti nespat\u0159ili ani desetinu toho, co tento n\u00e1dhern\u00fd kout v centru Evropy nab\u00edz\u00ed? Pak byste jim mohli nab\u00eddnout unik\u00e1tn\u00ed, jedine\u010dnou dobrodru\u017enou j\u00edzdu mikrobusem v podob\u011b hv\u011bzdicov\u00e9ho z\u00e1jezdu.Dejte jim na v\u011bdom\u00ed, \u017ee po prohl\u00eddce nejkr\u00e1sn\u011bj\u0161\u00edch zaj\u00edmavost\u00ed m\u011bsta Prahy byste mohli vyrazit n\u011bkam d\u00e1l, a to tam, kam v\u00e1s v\u011bt\u0161ina cestovek ani nepozve. Pokuste se jim tentokr\u00e1t nab\u00eddnout n\u011bco jin\u00e9ho, ne\u017e jen z\u00e1mek v Hlubok\u00e9 nad Vltavou, hrad Karl\u0161tejn a \u010cesk\u00fd Krumlov.Cestujeme jinak a jinamObrovskou v\u00fdhodou autop\u016fj\u010doven v Praze https:\/\/autopujcovna-milan.cz\/ je mo\u017enost pron\u00e1jmu mikrobusu pro 8 osob. M\u00e1te tak mo\u017enost cestovat v\u0161ichni nar\u00e1z v jednom aut\u011b, co\u017e v\u00fdznamn\u011b urychl\u00ed p\u0159esun z m\u00edsta na m\u00edsto a usnadn\u00ed komunikaci mezi v\u0161emi \u00fa\u010dastn\u00edky akce.Za\u010dn\u011bte v Pos\u00e1zav\u00ed \u2013 m\u00e1lokter\u00e1 cestovka bude l\u00e1kat zahrani\u010dn\u00ed turisty pr\u00e1v\u011b sem. P\u0159itom Pos\u00e1zav\u00ed je naprosto \u00fa\u017easn\u00e1 oblast pln\u00e1 p\u0159\u00edrodn\u00edch kr\u00e1s. Okouzl\u00ed v\u00e1s tu \u0159\u00ed\u010dn\u00ed meandry a pe\u0159eje pod Medn\u00edkem a doporu\u010dujeme zanechat v\u016fz na parkovi\u0161ti a vystoupat nad \u0159eku k Pos\u00e1zavsk\u00e9 stezce, abyste m\u011bli \u00fadol\u00ed S\u00e1zavy p\u011bkn\u011b pod sebou jako na dlani.P\u0159esu\u0148te se k Berounce \u2013 p\u0159ekr\u00e1sn\u00e9 je, zejm\u00e9na se sluncem nad hlavou, i \u00fadol\u00ed Berounky. Vydejte se tam proti proudu \u0159eky od Ni\u017eboru a\u017e k Dolansk\u00e9mu mostu u Plzn\u011b a nebudete litovat. Prohl\u00e9dn\u011bte si Podkra\u0161ovsk\u00fd ml\u00fdn, z\u0159\u00edceninu hrad\u016f T\u00fd\u0159ov, Lib\u0161tejn a Kra\u0161ov, Havlovu sk\u00e1lu, kemp Na kobylce, \u017d\u00edkovsk\u00fd ml\u00fdn, Rakoluskou ryb\u00e1rnu a hostinec U Rozv\u011bd\u010d\u00edka nedaleko Nezabudic.\u010cesk\u00e1 Sibi\u0159 a \u010cesk\u00e1 Kanada \u2013 va\u0161e putov\u00e1n\u00ed byste mohli zakon\u010dit ve zd\u00e1nliv\u011b nehostinn\u00fdch oblastech, kter\u00e9 p\u0159ipom\u00ednaj\u00ed drsn\u00fd sever Kanady a Ruska. Toto je ale jen p\u0159enesen\u00fd n\u00e1zev a brzy zjist\u00edte, \u017ee tamn\u00ed krajina m\u00e1 n\u011bco do sebe.                                                                                                                                                                                                                                                                                                                                                                                          4.2\/5 - (4 votes)        "},{"@context":"https:\/\/schema.org\/","@type":"BreadcrumbList","itemListElement":[{"@type":"ListItem","position":1,"name":"Autop\u016fj\u010dovna pronaj\u00edm\u00e1 i mikrobusy","item":"https:\/\/www.agar.cz\/autopujcovna-pronajima-i-mikrobusy\/#breadcrumbitem"}]}]